{"id":405524,"date":"2016-08-30T07:30:50","date_gmt":"2016-08-30T12:30:50","guid":{"rendered":"http:\/\/www.futboltotal.com.mx\/?p=405524"},"modified":"2016-08-30T14:04:23","modified_gmt":"2016-08-30T19:04:23","slug":"mercado-fichajes-en-europa","status":"publish","type":"post","link":"http:\/\/desarrollo.grupomedios.com\/futbol\/destacado-home\/mercado-fichajes-en-europa\/2016\/08","title":{"rendered":"Mercado de fichajes en Europa"},"content":{"rendered":"<p>El <strong>Mercado de Fichajes en Europa<\/strong> rumbo a la temporada 2016-17 esta en plena efervescencia y los clubes top de las principales ligas europeas comienzan a elegir los pr\u00f3ximos refuerzos. Algunos de ellos han oficializado las primeras contrataciones y siguen a la caza de otro c<em>racks. <\/em>En <strong>Futbol Total<\/strong> seguiremos con lupa los movimientos oficiales (ALTAS y BAJAS) as\u00ed como los rumores y te mantendremos al tanto de cada uno de ellos.<br \/>\n<a href=\"http:\/\/www.futboltotal.com.mx\/wp-content\/uploads\/2016\/06\/BANNER1.jpg\"><img decoding=\"async\" loading=\"lazy\" class=\"alignnone size-full wp-image-405570\" src=\"http:\/\/www.futboltotal.com.mx\/wp-content\/uploads\/2016\/06\/BANNER1.jpg\" alt=\"BANNER1\" srcset=\"http:\/\/desarrollo.grupomedios.com\/futbol\/wp-content\/uploads\/2016\/06\/BANNER1.jpg 859w, http:\/\/desarrollo.grupomedios.com\/futbol\/wp-content\/uploads\/2016\/06\/BANNER1-300x35.jpg 300w, http:\/\/desarrollo.grupomedios.com\/futbol\/wp-content\/uploads\/2016\/06\/BANNER1-768x89.jpg 768w, http:\/\/desarrollo.grupomedios.com\/futbol\/wp-content\/uploads\/2016\/06\/BANNER1-858x100.jpg 858w\" sizes=\"(max-width: 859px) 100vw, 859px\" \/><\/a><a href=\"http:\/\/www.futboltotal.com.mx\/wp-content\/uploads\/2016\/06\/Real-Madrid.jpg\"><img decoding=\"async\" loading=\"lazy\" class=\"alignnone size-full wp-image-405554\" src=\"http:\/\/www.futboltotal.com.mx\/wp-content\/uploads\/2016\/06\/Real-Madrid.jpg\" alt=\"Real-Madrid\" srcset=\"http:\/\/desarrollo.grupomedios.com\/futbol\/wp-content\/uploads\/2016\/06\/Real-Madrid.jpg 859w, http:\/\/desarrollo.grupomedios.com\/futbol\/wp-content\/uploads\/2016\/06\/Real-Madrid-300x35.jpg 300w, http:\/\/desarrollo.grupomedios.com\/futbol\/wp-content\/uploads\/2016\/06\/Real-Madrid-768x89.jpg 768w, http:\/\/desarrollo.grupomedios.com\/futbol\/wp-content\/uploads\/2016\/06\/Real-Madrid-858x100.jpg 858w\" sizes=\"(max-width: 859px) 100vw, 859px\" \/><\/a><br \/>\n<strong>ALTAS<\/strong>: \u00c1lvaro Morata (Juventus)<\/p>\n<p><strong>BAJAS<\/strong>: Borja Mayoral (Wolfsburgo)<\/p>\n<p><strong>RUMORES ALTAS<\/strong>: Robert Lewandowski (Bayern M\u00fanich),\u00a0Pierre-Emerick Aubameyang (Borussia Dortmund)<\/p>\n<p><strong>RUMORES BAJAS<\/strong>: Isco Alarc\u00f3n (Manchester City), James Rodr\u00edguez (Juventus), Jes\u00e9 Rodr\u00edguez (PSG),<\/p>\n<p><a href=\"http:\/\/www.futboltotal.com.mx\/wp-content\/uploads\/2016\/06\/Barcelona.jpg\"><img decoding=\"async\" loading=\"lazy\" class=\"alignnone size-full wp-image-405562\" src=\"http:\/\/www.futboltotal.com.mx\/wp-content\/uploads\/2016\/06\/Barcelona.jpg\" alt=\"Barcelona\" srcset=\"http:\/\/desarrollo.grupomedios.com\/futbol\/wp-content\/uploads\/2016\/06\/Barcelona.jpg 859w, http:\/\/desarrollo.grupomedios.com\/futbol\/wp-content\/uploads\/2016\/06\/Barcelona-300x35.jpg 300w, http:\/\/desarrollo.grupomedios.com\/futbol\/wp-content\/uploads\/2016\/06\/Barcelona-768x89.jpg 768w, http:\/\/desarrollo.grupomedios.com\/futbol\/wp-content\/uploads\/2016\/06\/Barcelona-858x100.jpg 858w\" sizes=\"(max-width: 859px) 100vw, 859px\" \/><\/a><\/p>\n<p><strong>ALTAS<\/strong>: Paco Alcocer (Valencia), Jasper Cillessen (Ajax), Samuel Umtiti (Lyon), Denis Su\u00e1rez (Villarreal), Lucas Digne (Barcelona), Andr\u00e9 Santos (Valencia).<\/p>\n<p><strong>BAJAS<\/strong>: Claudio Bravo (Manchester City), Thomas Vermaelen (AS Roma), Dani Alves (Juventus), Marc Bartra (Borussia Dortmund), Sandro Ram\u00edrez (M\u00e1laga), Hallen Halilovic (Hamburgo), Adriano (Besiktas), Alex Song (Rubin Kazan), Mart\u00edn Montoya (Valencia), Munir (Valencia).<\/p>\n<p><strong>RUMORES ALTAS<\/strong>: Paulo Dybala (Juventus), Alexandre Lacazette (Lyon), Miroslav Klose (Lazio), Mario Gomez) Marquinhos (PSG).<\/p>\n<p><strong>RUMORES BAJAS<\/strong>:\u00a0J\u00e9r\u00e9my Mathieu, Munir<\/p>\n<p><a href=\"http:\/\/www.futboltotal.com.mx\/wp-content\/uploads\/2016\/06\/Atletico.jpg\"><img decoding=\"async\" loading=\"lazy\" class=\"alignnone size-full wp-image-405563\" src=\"http:\/\/www.futboltotal.com.mx\/wp-content\/uploads\/2016\/06\/Atletico.jpg\" alt=\"Atletico\" srcset=\"http:\/\/desarrollo.grupomedios.com\/futbol\/wp-content\/uploads\/2016\/06\/Atletico.jpg 859w, http:\/\/desarrollo.grupomedios.com\/futbol\/wp-content\/uploads\/2016\/06\/Atletico-300x35.jpg 300w, http:\/\/desarrollo.grupomedios.com\/futbol\/wp-content\/uploads\/2016\/06\/Atletico-768x89.jpg 768w, http:\/\/desarrollo.grupomedios.com\/futbol\/wp-content\/uploads\/2016\/06\/Atletico-858x100.jpg 858w\" sizes=\"(max-width: 859px) 100vw, 859px\" \/><\/a><\/p>\n<p><strong>ALTAS<\/strong>: Kevin Gameiro (Sevilla), Nicol\u00e1s Gait\u00e1n (Benfica),\u00a0Sime Vrsaljko (Sassuolo), Diego Jota (Pa\u00e7os de Ferreira),\u00a0Nicol\u00e1s Schiappacasse (Atl\u00e9tico River Plate),\u00a0Axel Werner (Atl\u00e9tico Rafaela)<\/p>\n<p><strong>BAJAS<\/strong>: Oliver Torres (Porto), Mat\u00edas Kranevitter (Sevilla), Luciano Vietto (Sevilla), Borja (Swansea)<\/p>\n<p><strong>RUMORES ALTAS<\/strong>: Diego Costa (Chelsea)<\/p>\n<p><strong>RUMORES BAJAS<\/strong>: Angel Correa (Boca Juniors), Jos\u00e9 Mar\u00eda Gim\u00e9nez (Arsenal)<\/p>\n<p><strong><img decoding=\"async\" loading=\"lazy\" class=\"size-full wp-image-405564 alignleft\" src=\"http:\/\/www.futboltotal.com.mx\/wp-content\/uploads\/2016\/06\/VILLARREAL.jpg\" alt=\"VILLARREAL\" srcset=\"http:\/\/desarrollo.grupomedios.com\/futbol\/wp-content\/uploads\/2016\/06\/VILLARREAL.jpg 859w, http:\/\/desarrollo.grupomedios.com\/futbol\/wp-content\/uploads\/2016\/06\/VILLARREAL-300x35.jpg 300w, http:\/\/desarrollo.grupomedios.com\/futbol\/wp-content\/uploads\/2016\/06\/VILLARREAL-768x89.jpg 768w, http:\/\/desarrollo.grupomedios.com\/futbol\/wp-content\/uploads\/2016\/06\/VILLARREAL-858x100.jpg 858w\" sizes=\"(max-width: 859px) 100vw, 859px\" \/><\/strong><\/p>\n<p><strong>ALTAS<\/strong>: Roberto Sorian (UC Sampdoria), Alexandre Pato (Chelsea), Alfred N&#8217;diaye (Real Betis), Denis Cheryshev (Valencia -repesca),\u00a0Akram Afif (Al-Sadd), Jos\u00e9 \u00c1ngel (Porto-pr\u00e9stamo), Andr\u00e9s Fern\u00e1ndez (Porto- pr\u00e9stamo)<\/p>\n<p><strong>BAJAS<\/strong>: Eric Bailly (Manchester United), Samu Garc\u00eda (Rubin Kazan), Denis Su\u00e1rez (Barcelona), Tom\u00e1s Pina (Brujas), Javier Espinosa (Levante), Moi Gomes (Sporting)<\/p>\n<p><strong>RUMORES ALTAS<\/strong>:<\/p>\n<p><strong>RUMORES BAJAS<\/strong>: Jonathan dos Santos (Monterrey)<\/p>\n<p><a href=\"http:\/\/www.futboltotal.com.mx\/wp-content\/uploads\/2016\/06\/REAL-SOCIEDAD.jpg\"><img decoding=\"async\" loading=\"lazy\" class=\"alignnone size-full wp-image-405567\" src=\"http:\/\/www.futboltotal.com.mx\/wp-content\/uploads\/2016\/06\/REAL-SOCIEDAD.jpg\" alt=\"REAL-SOCIEDAD\" srcset=\"http:\/\/desarrollo.grupomedios.com\/futbol\/wp-content\/uploads\/2016\/06\/REAL-SOCIEDAD.jpg 859w, http:\/\/desarrollo.grupomedios.com\/futbol\/wp-content\/uploads\/2016\/06\/REAL-SOCIEDAD-300x35.jpg 300w, http:\/\/desarrollo.grupomedios.com\/futbol\/wp-content\/uploads\/2016\/06\/REAL-SOCIEDAD-768x89.jpg 768w, http:\/\/desarrollo.grupomedios.com\/futbol\/wp-content\/uploads\/2016\/06\/REAL-SOCIEDAD-858x100.jpg 858w\" sizes=\"(max-width: 859px) 100vw, 859px\" \/><\/a><\/p>\n<p><strong>ALTAS<\/strong>: Willian Jos\u00e9 ( Maldonado), Juanmi (Southampton), To\u00f1o (AEK Larnaca), Jon Bautista (Real Sociedad B), Ander Bardaji\u00a0\u00a0(Real Sociedad B)<\/p>\n<p><strong>BAJAS<\/strong>: Jonathas (Rubin Kazan), Alfred Finnbogason (Augsburgo), Diego Reyes (Porto), Alberto de la Bella (Olympiacos), Oier Olazabal (Granada), Bruma (Galatasaray), Ger\u00f3nimo Rulli (Maldonado)<\/p>\n<p><strong>RUMORES ALTAS<\/strong>: Munir (Barcelona)<\/p>\n<p><strong>RUMORES BAJAS<\/strong>: Carlos Vela (MLS)<\/p>\n<p><img decoding=\"async\" loading=\"lazy\" class=\"alignnone size-full wp-image-405627\" src=\"http:\/\/www.futboltotal.com.mx\/wp-content\/uploads\/2016\/06\/Bundesliga.jpg\" alt=\"Bundesliga\" srcset=\"http:\/\/desarrollo.grupomedios.com\/futbol\/wp-content\/uploads\/2016\/06\/Bundesliga.jpg 859w, http:\/\/desarrollo.grupomedios.com\/futbol\/wp-content\/uploads\/2016\/06\/Bundesliga-300x35.jpg 300w, http:\/\/desarrollo.grupomedios.com\/futbol\/wp-content\/uploads\/2016\/06\/Bundesliga-768x89.jpg 768w, http:\/\/desarrollo.grupomedios.com\/futbol\/wp-content\/uploads\/2016\/06\/Bundesliga-858x100.jpg 858w\" sizes=\"(max-width: 859px) 100vw, 859px\" \/><\/p>\n<p><a href=\"http:\/\/www.futboltotal.com.mx\/wp-content\/uploads\/2016\/06\/BAYERN-BANNER.jpg\"><img decoding=\"async\" loading=\"lazy\" class=\"alignnone size-full wp-image-405573\" src=\"http:\/\/www.futboltotal.com.mx\/wp-content\/uploads\/2016\/06\/BAYERN-BANNER.jpg\" alt=\"BAYERN-BANNER\" srcset=\"http:\/\/desarrollo.grupomedios.com\/futbol\/wp-content\/uploads\/2016\/06\/BAYERN-BANNER.jpg 859w, http:\/\/desarrollo.grupomedios.com\/futbol\/wp-content\/uploads\/2016\/06\/BAYERN-BANNER-300x35.jpg 300w, http:\/\/desarrollo.grupomedios.com\/futbol\/wp-content\/uploads\/2016\/06\/BAYERN-BANNER-768x89.jpg 768w, http:\/\/desarrollo.grupomedios.com\/futbol\/wp-content\/uploads\/2016\/06\/BAYERN-BANNER-858x100.jpg 858w\" sizes=\"(max-width: 859px) 100vw, 859px\" \/><\/a><\/p>\n<p><strong>ALTAS<\/strong>: Mats Hummels (Borussia Dortmund), Renato Sanches (Benfica), Niklas Dorsch (Bayern II), Fabian Benko (Bayern II)<\/p>\n<p><strong>BAJAS<\/strong>: Sebastian Rode (BVB), Mehdi Benatia (Juventus-pr\u00e9stamo), Serdar Tasci (Spartak Mosc\u00fa), Mario G\u00f6tze (Dortmund), Pierre H\u00f6jberj (Southampton), Ivan Lucic (Britsol City)<\/p>\n<p><strong>RUMORES ALTAS<\/strong>: James Rodr\u00edguez (Real Madrid), Bastian Schweinsteiger (Manchester United)<\/p>\n<p><strong>RUMORES BAJAS<\/strong>: Robert Lewandowski (Real Madrid), Mario G\u00f6tze (BVB)<\/p>\n<p><img decoding=\"async\" loading=\"lazy\" class=\"alignnone size-full wp-image-405601\" src=\"http:\/\/www.futboltotal.com.mx\/wp-content\/uploads\/2016\/06\/banner-bayer-leverkusen.jpg\" alt=\"banner-bayer-leverkusen\" srcset=\"http:\/\/desarrollo.grupomedios.com\/futbol\/wp-content\/uploads\/2016\/06\/banner-bayer-leverkusen.jpg 859w, http:\/\/desarrollo.grupomedios.com\/futbol\/wp-content\/uploads\/2016\/06\/banner-bayer-leverkusen-300x35.jpg 300w, http:\/\/desarrollo.grupomedios.com\/futbol\/wp-content\/uploads\/2016\/06\/banner-bayer-leverkusen-768x89.jpg 768w, http:\/\/desarrollo.grupomedios.com\/futbol\/wp-content\/uploads\/2016\/06\/banner-bayer-leverkusen-858x100.jpg 858w\" sizes=\"(max-width: 859px) 100vw, 859px\" \/><\/p>\n<p><strong>ALTAS<\/strong>: Kevin Volland (Hoffenheim),\u00a0Ramazan \u00d6zcan (FC Ingolstadt 04) Julian Baumgartlingen (Mainz), Danny da Costa (Ingolstadt), Jonnas Meffer (Karlsruher SC)<\/p>\n<p><strong>BAJAS<\/strong>: Christoph Kramer (M\u00f6nchengladbach), Jonas Meffert (SC Freiburg), David Yelldell (Sonnenhof)<\/p>\n<p><strong>RUMORES ALTAS<\/strong>:<\/p>\n<p><strong>RUMORES BAJAS<\/strong>: Chicharito (Juventus)<\/p>\n<p><img decoding=\"async\" loading=\"lazy\" class=\"alignnone size-full wp-image-405602\" src=\"http:\/\/www.futboltotal.com.mx\/wp-content\/uploads\/2016\/06\/Banner-Borussia-Dortmund.jpg\" alt=\"Banner-Borussia-Dortmund\" srcset=\"http:\/\/desarrollo.grupomedios.com\/futbol\/wp-content\/uploads\/2016\/06\/Banner-Borussia-Dortmund.jpg 859w, http:\/\/desarrollo.grupomedios.com\/futbol\/wp-content\/uploads\/2016\/06\/Banner-Borussia-Dortmund-300x35.jpg 300w, http:\/\/desarrollo.grupomedios.com\/futbol\/wp-content\/uploads\/2016\/06\/Banner-Borussia-Dortmund-768x89.jpg 768w, http:\/\/desarrollo.grupomedios.com\/futbol\/wp-content\/uploads\/2016\/06\/Banner-Borussia-Dortmund-858x100.jpg 858w\" sizes=\"(max-width: 859px) 100vw, 859px\" \/><\/p>\n<p><strong>ALTAS<\/strong>: Andre Sch\u00fcrrle (Wolfsburgo), Mario G\u00f6tze (Bayern M\u00fanich), Marc Bartra (Barcelona), Sebastian Rode (Bayern M\u00fanich), Mikel Merino (Osasuna), Ousmane Demb\u00e9le (Stadde Renais), Emre Mor (FC Nordsj\u00e6lland), Raphael Guerreiro (FC Lorient),<\/p>\n<p><strong>BAJAS<\/strong>:\u00a0\u0130lkay G\u00fcndo\u011fan (Manchester City), Mats Hummels (Bayern M\u00fanich), Neven Suvotic (Club por definir),\u00a0Henrik Mkhitaryan (Manchester United),\u00a0Jakub Blaszczykowski (Wolfsburgo)<\/p>\n<p><strong>RUMORES ALTAS<\/strong>:<\/p>\n<p><strong>RUMORES BAJAS<\/strong>:\u00a0Pierre-Emerick Aubameyang (Manchester City y Real Madrid)<\/p>\n<p><img decoding=\"async\" loading=\"lazy\" class=\"alignnone size-full wp-image-405630\" src=\"http:\/\/www.futboltotal.com.mx\/wp-content\/uploads\/2016\/06\/Banner-Premier.jpg\" alt=\"Banner-Premier\" srcset=\"http:\/\/desarrollo.grupomedios.com\/futbol\/wp-content\/uploads\/2016\/06\/Banner-Premier.jpg 859w, http:\/\/desarrollo.grupomedios.com\/futbol\/wp-content\/uploads\/2016\/06\/Banner-Premier-300x35.jpg 300w, http:\/\/desarrollo.grupomedios.com\/futbol\/wp-content\/uploads\/2016\/06\/Banner-Premier-768x89.jpg 768w, http:\/\/desarrollo.grupomedios.com\/futbol\/wp-content\/uploads\/2016\/06\/Banner-Premier-858x100.jpg 858w\" sizes=\"(max-width: 859px) 100vw, 859px\" \/><\/p>\n<p><img decoding=\"async\" loading=\"lazy\" class=\"alignnone size-full wp-image-405595\" src=\"http:\/\/www.futboltotal.com.mx\/wp-content\/uploads\/2016\/06\/Banner-Arsenal.jpg\" alt=\"Banner-Arsenal\" srcset=\"http:\/\/desarrollo.grupomedios.com\/futbol\/wp-content\/uploads\/2016\/06\/Banner-Arsenal.jpg 859w, http:\/\/desarrollo.grupomedios.com\/futbol\/wp-content\/uploads\/2016\/06\/Banner-Arsenal-300x35.jpg 300w, http:\/\/desarrollo.grupomedios.com\/futbol\/wp-content\/uploads\/2016\/06\/Banner-Arsenal-768x89.jpg 768w, http:\/\/desarrollo.grupomedios.com\/futbol\/wp-content\/uploads\/2016\/06\/Banner-Arsenal-858x100.jpg 858w\" sizes=\"(max-width: 859px) 100vw, 859px\" \/><\/p>\n<p><strong>ALTAS<\/strong>: Lucas P\u00e9rez (Depor) \u00a0Shkodran Mustafi (Valencia), (Granit Xhaka (Borussia M\u00f6nchengladbach), Takuma Asano (Sanfrecce Hiroshima), Rob Holding (Bolton),<\/p>\n<p><strong>BAJAS<\/strong>: Mikel Arteta (Retiro), Mathieu Flamini (Retiro), Thomas Rosicky (Agente libre), Wellington Silva (Sao Paulo)<\/p>\n<p><strong>RUMORES ALTAS<\/strong>: Mustafi (Valencia), Arda Tur\u00e1n (Barcelona), Kevin Gameiro (Sevilla), Jos\u00e9 Mar\u00eda Gim\u00e9nez (Atl\u00e9tico)<\/p>\n<p><strong>RUMORES BAJAS<\/strong>:<\/p>\n<p><img decoding=\"async\" loading=\"lazy\" class=\"alignnone size-full wp-image-405596\" src=\"http:\/\/www.futboltotal.com.mx\/wp-content\/uploads\/2016\/06\/banner-chelsea.jpg\" alt=\"banner-chelsea\" srcset=\"http:\/\/desarrollo.grupomedios.com\/futbol\/wp-content\/uploads\/2016\/06\/banner-chelsea.jpg 859w, http:\/\/desarrollo.grupomedios.com\/futbol\/wp-content\/uploads\/2016\/06\/banner-chelsea-300x35.jpg 300w, http:\/\/desarrollo.grupomedios.com\/futbol\/wp-content\/uploads\/2016\/06\/banner-chelsea-768x89.jpg 768w, http:\/\/desarrollo.grupomedios.com\/futbol\/wp-content\/uploads\/2016\/06\/banner-chelsea-858x100.jpg 858w\" sizes=\"(max-width: 859px) 100vw, 859px\" \/><\/p>\n<p><strong>ALTAS<\/strong>: Eduardo (Dinamo Zagreb), Mitchy Batshuayi (Marsella)\u00a0N&#8217;Golo Kant\u00e9 (Leicester City), Juan Cuadrado (Fin de pr\u00e9stamo),\u00a0Marco van Ginkel (Fin de pr\u00e9stamo)<\/p>\n<p><strong>BAJAS<\/strong>: Patrick Bamford (Burnley), Radamel Falcao (M\u00f3naco), Alexandre Pato (Corinthians), Nathan Ak\u00e9 (Bournemouth),<\/p>\n<p><strong>RUMORES ALTAS<\/strong>: Radju Nainggolan (Roma), \u00c1lvaro Morata (Real Madrid), Diego L\u00f3pez (Mil\u00e1n), Fabinho (M\u00f3naco)<\/p>\n<p><strong>RUMORES BAJAS<\/strong>: Eden Hazard (Real Madrid), Cesc F\u00e1bregas (Juventus)<\/p>\n<p><img decoding=\"async\" loading=\"lazy\" class=\"alignnone size-full wp-image-405597\" src=\"http:\/\/www.futboltotal.com.mx\/wp-content\/uploads\/2016\/06\/Banner-Leicester-City.jpg\" alt=\"Banner-Leicester-City\" srcset=\"http:\/\/desarrollo.grupomedios.com\/futbol\/wp-content\/uploads\/2016\/06\/Banner-Leicester-City.jpg 859w, http:\/\/desarrollo.grupomedios.com\/futbol\/wp-content\/uploads\/2016\/06\/Banner-Leicester-City-300x35.jpg 300w, http:\/\/desarrollo.grupomedios.com\/futbol\/wp-content\/uploads\/2016\/06\/Banner-Leicester-City-768x89.jpg 768w, http:\/\/desarrollo.grupomedios.com\/futbol\/wp-content\/uploads\/2016\/06\/Banner-Leicester-City-858x100.jpg 858w\" sizes=\"(max-width: 859px) 100vw, 859px\" \/><\/p>\n<p><strong>ALTAS<\/strong>:\u00a0Ron-Robert Zieler (Hanover 96), Luis Hern\u00e1ndez (Sporting Gij\u00f3n), Ra\u00fal Uche (Rayo Vallecano), Ahmed Musa (CSKA Moscu) Nampalys Mendy (Nice), Bartosz Kapustka (Cracovia)<\/p>\n<p><strong>BAJAS<\/strong>:\u00a0N&#8217;Golo Kant\u00e9 (Chelsea), Andrej Kamaric (Hoffenheim), Paul Konchesky (Gillingham FC), Mark Schwarzer (Sin equipo).<\/p>\n<p><strong>RUMORES ALTAS<\/strong>: Wilfred Bony (Manchester City), Deneey (Watford)<\/p>\n<p><strong>RUMORES BAJAS<\/strong>: Riyad Mahrez (Barcelona, Arsenal)<\/p>\n<p><img decoding=\"async\" loading=\"lazy\" class=\"alignnone size-full wp-image-405598\" src=\"http:\/\/www.futboltotal.com.mx\/wp-content\/uploads\/2016\/06\/Banner-Liverpool.jpg\" alt=\"Banner-Liverpool\" srcset=\"http:\/\/desarrollo.grupomedios.com\/futbol\/wp-content\/uploads\/2016\/06\/Banner-Liverpool.jpg 859w, http:\/\/desarrollo.grupomedios.com\/futbol\/wp-content\/uploads\/2016\/06\/Banner-Liverpool-300x35.jpg 300w, http:\/\/desarrollo.grupomedios.com\/futbol\/wp-content\/uploads\/2016\/06\/Banner-Liverpool-768x89.jpg 768w, http:\/\/desarrollo.grupomedios.com\/futbol\/wp-content\/uploads\/2016\/06\/Banner-Liverpool-858x100.jpg 858w\" sizes=\"(max-width: 859px) 100vw, 859px\" \/><\/p>\n<p><strong>ALTAS<\/strong>: Sadio Man\u00e9 (Southampton) Loris Karius, Georginio Wijnaldum (Newcastle United), Loris Karius (Mainz 05), Ragnar Klavan (Augsburgo), Joel Matip (Schalke)<\/p>\n<p><strong>BAJAS<\/strong>: Joao Teixeira (FC Porto), Jordon Ibe, (Bournemouth), Joe Allen (Stoke City), Martin Skrtel (Fenerbache), Brad Smith (Bournemouth), Kolo Toure (Celtic), Christian Benteke (Crystal Palce)<\/p>\n<p><strong>RUMORES ALTAS<\/strong>: H\u00e9ctor Herrera (Porto), \u00a0Jakub B\u0142aszczykowski (Fiorentina), Jeremy Mathieu (Barcelona)<\/p>\n<p><strong>RUMORES BAJAS<\/strong>:<\/p>\n<p><img decoding=\"async\" loading=\"lazy\" class=\"alignnone size-full wp-image-405599\" src=\"http:\/\/www.futboltotal.com.mx\/wp-content\/uploads\/2016\/06\/Banner-Man-city.jpg\" alt=\"Banner-Man-city\" srcset=\"http:\/\/desarrollo.grupomedios.com\/futbol\/wp-content\/uploads\/2016\/06\/Banner-Man-city.jpg 859w, http:\/\/desarrollo.grupomedios.com\/futbol\/wp-content\/uploads\/2016\/06\/Banner-Man-city-300x35.jpg 300w, http:\/\/desarrollo.grupomedios.com\/futbol\/wp-content\/uploads\/2016\/06\/Banner-Man-city-768x89.jpg 768w, http:\/\/desarrollo.grupomedios.com\/futbol\/wp-content\/uploads\/2016\/06\/Banner-Man-city-858x100.jpg 858w\" sizes=\"(max-width: 859px) 100vw, 859px\" \/><\/p>\n<p><strong>ALTAS<\/strong>: Claudio Bravo (Barcelona), John Stones (Everton),\u00a0Leroy San\u00e9 (Schalke 04) \u0130lkay G\u00fcndo\u011fan (Borussia Dortmund), Nolito (Celta de Vigo),\u00a0Oleksandr Zinchenk (FC Ufa), Ger\u00f3nimo Rulli (Real Sociedad), Marlos Morelo (Atl\u00e9tico Nacional), Gabriel de Jes\u00fas (Palmeiras)<\/p>\n<p><strong>BAJAS<\/strong>: Joe Hart (Torino), Mart\u00edn Demichelis (Espanyol),\u00a0Ger\u00f3nimo Rulli (Real Sociedad), Florian Lejeune (Eibar)<\/p>\n<p><strong>RUMORES ALTAS<\/strong>: Pierre-Emerick Aubameyang (Borussia Dortmund), Luis Su\u00e1rez (Barcelona),\u00a0Toni Kroos (Real Madrid), Leonardo Boucci (Juventus), Gabriel Jes\u00fas (Palmeiras). Joe Hart (Sevilla)<\/p>\n<p><strong>RUMORES BAJAS<\/strong>: Yaya Toure, Samir Nasri<\/p>\n<p><img decoding=\"async\" loading=\"lazy\" class=\"alignnone size-full wp-image-405600\" src=\"http:\/\/www.futboltotal.com.mx\/wp-content\/uploads\/2016\/06\/banner-manch-unit.jpg\" alt=\"banner-manch-unit\" srcset=\"http:\/\/desarrollo.grupomedios.com\/futbol\/wp-content\/uploads\/2016\/06\/banner-manch-unit.jpg 859w, http:\/\/desarrollo.grupomedios.com\/futbol\/wp-content\/uploads\/2016\/06\/banner-manch-unit-300x35.jpg 300w, http:\/\/desarrollo.grupomedios.com\/futbol\/wp-content\/uploads\/2016\/06\/banner-manch-unit-768x89.jpg 768w, http:\/\/desarrollo.grupomedios.com\/futbol\/wp-content\/uploads\/2016\/06\/banner-manch-unit-858x100.jpg 858w\" sizes=\"(max-width: 859px) 100vw, 859px\" \/><\/p>\n<p><strong>ALTAS<\/strong>: Paul Pogba (Juventus), Eric Bailly (Villarreal), Zlatan Ibrahimovic (Agente libre),\u00a0Henrik Mkhitaryan (Borussia Dortmund)<\/p>\n<p><strong>BAJAS<\/strong>: V\u00edctor Valdes (Mibdlesbrough), Nick Powell (Wigan), Guillermo Varela (Frankfurt), Andreas Pereira (Granada)<\/p>\n<p><strong>RUMORES ALTAS<\/strong>: Nemanja Matic (Chelsea), Julian Draxler (Wolfsburg), James Rodr\u00edguez (Real Madrid), Hirving Lozano (Pachuca),\u00a0Paul Pogba (Juventus), Marcos Rojo (Villarreal)<\/p>\n<p><strong>RUMORES BAJAS<\/strong>: Matteo Darmian (Chelsea), Juan Mata (Valencia), Anthony Martial (PSG),\u00a0Bastian Schweinsteiger (Bayern M\u00fanich)<\/p>\n<p><img decoding=\"async\" loading=\"lazy\" class=\"alignnone size-full wp-image-405629\" src=\"http:\/\/www.futboltotal.com.mx\/wp-content\/uploads\/2016\/06\/Serie-a.jpg\" alt=\"Serie-a\" srcset=\"http:\/\/desarrollo.grupomedios.com\/futbol\/wp-content\/uploads\/2016\/06\/Serie-a.jpg 859w, http:\/\/desarrollo.grupomedios.com\/futbol\/wp-content\/uploads\/2016\/06\/Serie-a-300x35.jpg 300w, http:\/\/desarrollo.grupomedios.com\/futbol\/wp-content\/uploads\/2016\/06\/Serie-a-768x89.jpg 768w, http:\/\/desarrollo.grupomedios.com\/futbol\/wp-content\/uploads\/2016\/06\/Serie-a-858x100.jpg 858w\" sizes=\"(max-width: 859px) 100vw, 859px\" \/><\/p>\n<p><img decoding=\"async\" loading=\"lazy\" class=\"alignnone size-full wp-image-405615\" src=\"http:\/\/www.futboltotal.com.mx\/wp-content\/uploads\/2016\/06\/Banner-Milan.jpg\" alt=\"Banner-Milan\" srcset=\"http:\/\/desarrollo.grupomedios.com\/futbol\/wp-content\/uploads\/2016\/06\/Banner-Milan.jpg 859w, http:\/\/desarrollo.grupomedios.com\/futbol\/wp-content\/uploads\/2016\/06\/Banner-Milan-300x35.jpg 300w, http:\/\/desarrollo.grupomedios.com\/futbol\/wp-content\/uploads\/2016\/06\/Banner-Milan-768x89.jpg 768w, http:\/\/desarrollo.grupomedios.com\/futbol\/wp-content\/uploads\/2016\/06\/Banner-Milan-858x100.jpg 858w\" sizes=\"(max-width: 859px) 100vw, 859px\" \/><\/p>\n<p><strong>ALTAS<\/strong>: Gianluca Lapadula (Pescara), Leonel Vangioni (River Plate)<\/p>\n<p><strong>BAJAS<\/strong>:\u00a0Stephan El Shaarawy (AS Roma), Simone Verdi (Bologna), Kevin Prince Boateng (Palmas)<\/p>\n<p><strong>RUMORES ALTAS<\/strong>:<\/p>\n<p><strong>RUMORES BAJAS<\/strong>: Mario Balotelli (Besiktas)<\/p>\n<p><img decoding=\"async\" loading=\"lazy\" class=\"alignnone size-full wp-image-405613\" src=\"http:\/\/www.futboltotal.com.mx\/wp-content\/uploads\/2016\/06\/Banner-AS-roma.jpg\" alt=\"Banner-AS-roma\" srcset=\"http:\/\/desarrollo.grupomedios.com\/futbol\/wp-content\/uploads\/2016\/06\/Banner-AS-roma.jpg 859w, http:\/\/desarrollo.grupomedios.com\/futbol\/wp-content\/uploads\/2016\/06\/Banner-AS-roma-300x35.jpg 300w, http:\/\/desarrollo.grupomedios.com\/futbol\/wp-content\/uploads\/2016\/06\/Banner-AS-roma-768x89.jpg 768w, http:\/\/desarrollo.grupomedios.com\/futbol\/wp-content\/uploads\/2016\/06\/Banner-AS-roma-858x100.jpg 858w\" sizes=\"(max-width: 859px) 100vw, 859px\" \/><\/p>\n<p><strong>ALTAS<\/strong>: Thomas Vermaelen, (Barcelona), Gerson (Fluminense), \u00a0Antonio R\u00fcdiger (Stuttgart), Alisson (Internacional Porto Alegre)<\/p>\n<p><strong>BAJAS<\/strong>: Dodo (Inter de Mil\u00e1n), Miralem Pjanic, (Juventus), \u00a0Adem Ljajic (Torino), Antonio Sanabria (Real Betis)<\/p>\n<p><strong>RUMORES ALTAS<\/strong>: Olivier Giroud (Arsenal)<\/p>\n<p><strong>RUMORES BAJAS<\/strong>: Edin Dzeko (Chelsea), Mohamed Salah (Arsenal)<\/p>\n<p><img decoding=\"async\" loading=\"lazy\" class=\"alignnone size-full wp-image-405612\" src=\"http:\/\/www.futboltotal.com.mx\/wp-content\/uploads\/2016\/06\/Banner-Juventus.jpg\" alt=\"Banner-Juventus\" srcset=\"http:\/\/desarrollo.grupomedios.com\/futbol\/wp-content\/uploads\/2016\/06\/Banner-Juventus.jpg 859w, http:\/\/desarrollo.grupomedios.com\/futbol\/wp-content\/uploads\/2016\/06\/Banner-Juventus-300x35.jpg 300w, http:\/\/desarrollo.grupomedios.com\/futbol\/wp-content\/uploads\/2016\/06\/Banner-Juventus-768x89.jpg 768w, http:\/\/desarrollo.grupomedios.com\/futbol\/wp-content\/uploads\/2016\/06\/Banner-Juventus-858x100.jpg 858w\" sizes=\"(max-width: 859px) 100vw, 859px\" \/><\/p>\n<p><strong>ALTAS<\/strong>: Dani Alves (Barcelona), Miralem Pjanic (Roma), Gonzalo Higua\u00edn (Napoli), Marko Pjaca (Dinamo Zagreb), Mario Lemina (Marsella), Simone Ganz (Como) Paul Lirola (Juventus U19)<\/p>\n<p><strong>BAJAS<\/strong>: Paul Pogba, \u00c1lvaro Morata (Real Madrid), Marcel Buchel (Empoli), Vincenzo Fiorillo (Pescara)<\/p>\n<p><strong>RUMORES ALTAS<\/strong>: Javier Mascherano (Barcelona), Javier <em>Chicharito<\/em> Hern\u00e1ndez (Manchester United), H\u00e9ctor Herrera (Porto), James Rodr\u00edguez (Real Madrid)<\/p>\n<p><strong>RUMORES BAJAS<\/strong>: Paul Pogba (Real Madrid, Barcelona y Manchester United), Leonardo Bonucci (Manchester City)<\/p>\n<p><img decoding=\"async\" loading=\"lazy\" class=\"alignnone size-full wp-image-405623\" src=\"http:\/\/www.futboltotal.com.mx\/wp-content\/uploads\/2016\/06\/Inter-de-milan.jpg\" alt=\"Inter-de-milan\" srcset=\"http:\/\/desarrollo.grupomedios.com\/futbol\/wp-content\/uploads\/2016\/06\/Inter-de-milan.jpg 859w, http:\/\/desarrollo.grupomedios.com\/futbol\/wp-content\/uploads\/2016\/06\/Inter-de-milan-300x35.jpg 300w, http:\/\/desarrollo.grupomedios.com\/futbol\/wp-content\/uploads\/2016\/06\/Inter-de-milan-768x89.jpg 768w, http:\/\/desarrollo.grupomedios.com\/futbol\/wp-content\/uploads\/2016\/06\/Inter-de-milan-858x100.jpg 858w\" sizes=\"(max-width: 859px) 100vw, 859px\" \/><\/p>\n<p><strong>ALTAS<\/strong>: Gabriel Barbosa (Santos) Antonio Candreva (Lazio), Cristian Ansaldi (Genoa), Dodo (As roma), Marcelo Brozovic (Dinamo), Rey Manaj (Cremonese) \u00c9ver Banega (Sevilla), Gianluca Caprari (Pescara), Caner Erkin (Fenerbahce)<\/p>\n<p><strong>BAJAS<\/strong>: Cristiano Biraghi (Pescara), Diego Laxalt (Genoa)<\/p>\n<p><strong>RUMORES ALTAS<\/strong>: Pedro L\u00e9on (Getafe),\u00a0Christian Ansaldi (Zenit), Edinson Cavani (PSG)<\/p>\n<p><strong>RUMORES BAJAS<\/strong>: Mauro Icardi (Napoli)<\/p>\n<p><img decoding=\"async\" loading=\"lazy\" class=\"alignnone size-full wp-image-405628\" src=\"http:\/\/www.futboltotal.com.mx\/wp-content\/uploads\/2016\/06\/Napoli2.jpg\" alt=\"Napoli2\" srcset=\"http:\/\/desarrollo.grupomedios.com\/futbol\/wp-content\/uploads\/2016\/06\/Napoli2.jpg 859w, http:\/\/desarrollo.grupomedios.com\/futbol\/wp-content\/uploads\/2016\/06\/Napoli2-300x35.jpg 300w, http:\/\/desarrollo.grupomedios.com\/futbol\/wp-content\/uploads\/2016\/06\/Napoli2-768x89.jpg 768w, http:\/\/desarrollo.grupomedios.com\/futbol\/wp-content\/uploads\/2016\/06\/Napoli2-858x100.jpg 858w\" sizes=\"(max-width: 859px) 100vw, 859px\" \/><\/p>\n<p><strong>ALTAS<\/strong>: Emmanuel Giacherini (Sunderland), Lorenzo Tonelli (Empoli),\u00a0Arkadiousz Milik (Ajax), Amadou Diawara (Bologna), Piotr Zielinski (Udinese), Marko Rog (Dinamo Zagreb),<\/p>\n<p><strong>BAJAS<\/strong>: Giovanni Lombardi (Grosseto), Gonzalo Higua\u00edn (Juventus), Mario Andujar (Estudiantes), David L\u00f3pez (Espanyol)<\/p>\n<p><strong>RUMORES ALTAS<\/strong>: H\u00e9ctor Herrera (Porto), Mauro Icardi (Inter de Mil\u00e1n)<\/p>\n<p><strong>RUMORES BAJAS<\/strong>: Jorginho (Real Madrid), Jos\u00e9 Callej\u00f3n (Valencia)<\/p>\n<p><img decoding=\"async\" loading=\"lazy\" class=\"alignnone size-full wp-image-405632\" src=\"http:\/\/www.futboltotal.com.mx\/wp-content\/uploads\/2016\/06\/Banner-resto.jpg\" alt=\"Banner-resto\" srcset=\"http:\/\/desarrollo.grupomedios.com\/futbol\/wp-content\/uploads\/2016\/06\/Banner-resto.jpg 859w, http:\/\/desarrollo.grupomedios.com\/futbol\/wp-content\/uploads\/2016\/06\/Banner-resto-300x35.jpg 300w, http:\/\/desarrollo.grupomedios.com\/futbol\/wp-content\/uploads\/2016\/06\/Banner-resto-768x89.jpg 768w, http:\/\/desarrollo.grupomedios.com\/futbol\/wp-content\/uploads\/2016\/06\/Banner-resto-858x100.jpg 858w\" sizes=\"(max-width: 859px) 100vw, 859px\" \/><\/p>\n<p><img decoding=\"async\" loading=\"lazy\" class=\"alignnone size-full wp-image-405635\" src=\"http:\/\/www.futboltotal.com.mx\/wp-content\/uploads\/2016\/06\/banner-benfica.jpg\" alt=\"banner-benfica\" srcset=\"http:\/\/desarrollo.grupomedios.com\/futbol\/wp-content\/uploads\/2016\/06\/banner-benfica.jpg 859w, http:\/\/desarrollo.grupomedios.com\/futbol\/wp-content\/uploads\/2016\/06\/banner-benfica-300x35.jpg 300w, http:\/\/desarrollo.grupomedios.com\/futbol\/wp-content\/uploads\/2016\/06\/banner-benfica-768x89.jpg 768w, http:\/\/desarrollo.grupomedios.com\/futbol\/wp-content\/uploads\/2016\/06\/banner-benfica-858x100.jpg 858w\" sizes=\"(max-width: 859px) 100vw, 859px\" \/><\/p>\n<p><strong>ALTAS<\/strong>: Franco Cervi (Rosario Central), \u00d3scar Ben\u00edtez (Lan\u00fas), Guillermo Celis (Atl\u00e9tico Junior), Danilo Barbosa (Sporting Braga -Pr\u00e9stamo), Andr\u00e9 Horta (Vitoria Set\u00fabal), Andr\u00e9 Carrillo (Sporting), Branimir Kalaika (Dinamo Zagreb)<\/p>\n<p><strong>BAJAS<\/strong>: Renato Sanches (Bayern M\u00fanich), Nico Gait\u00e1n (Atl\u00e9tico de Madrid), Beb\u00e9 (Eibar), Bruno Varela (Vitoria Set\u00fabal)<\/p>\n<p><strong>RUMORES ALTAS<\/strong>:<\/p>\n<p><strong>RUMORES BAJAS<\/strong>: Jon\u00e1s (China)<\/p>\n<p><img decoding=\"async\" loading=\"lazy\" class=\"alignnone size-full wp-image-405636\" src=\"http:\/\/www.futboltotal.com.mx\/wp-content\/uploads\/2016\/06\/banners-psg.jpg\" alt=\"banners-psg\" srcset=\"http:\/\/desarrollo.grupomedios.com\/futbol\/wp-content\/uploads\/2016\/06\/banners-psg.jpg 859w, http:\/\/desarrollo.grupomedios.com\/futbol\/wp-content\/uploads\/2016\/06\/banners-psg-300x35.jpg 300w, http:\/\/desarrollo.grupomedios.com\/futbol\/wp-content\/uploads\/2016\/06\/banners-psg-768x89.jpg 768w, http:\/\/desarrollo.grupomedios.com\/futbol\/wp-content\/uploads\/2016\/06\/banners-psg-858x100.jpg 858w\" sizes=\"(max-width: 859px) 100vw, 859px\" \/><\/p>\n<p><strong>ALTAS<\/strong>: Jes\u00e9 Rodr\u00edguez (Real Madrid), Gregorz Krychowiak (Sevilla), Thomas Meunier (Brujas), Hatem Ben Arfa Niza), Giovani Lo Celso (Rosario Central), Odssone Edouard (PSG B)<\/p>\n<p><strong>BAJAS<\/strong>: Marquinhos (Barcelona), Zlatan Ibrahimovic (Manchester United), Lucas Digne (Barcelona), Gregory Van der Wiel (Fenerbache), Nicolas Douce (Lens)<\/p>\n<p><strong>RUMORES ALTAS<\/strong>:<\/p>\n<p><strong>RUMORES BAJAS<\/strong>: Edinson Cavani (Chelsea), Gregory van der Wiel (Barcelona)<\/p>\n<p><img decoding=\"async\" loading=\"lazy\" class=\"alignnone size-full wp-image-405637\" src=\"http:\/\/www.futboltotal.com.mx\/wp-content\/uploads\/2016\/06\/baner-porto.jpg\" alt=\"baner-porto\" srcset=\"http:\/\/desarrollo.grupomedios.com\/futbol\/wp-content\/uploads\/2016\/06\/baner-porto.jpg 859w, http:\/\/desarrollo.grupomedios.com\/futbol\/wp-content\/uploads\/2016\/06\/baner-porto-300x35.jpg 300w, http:\/\/desarrollo.grupomedios.com\/futbol\/wp-content\/uploads\/2016\/06\/baner-porto-768x89.jpg 768w, http:\/\/desarrollo.grupomedios.com\/futbol\/wp-content\/uploads\/2016\/06\/baner-porto-858x100.jpg 858w\" sizes=\"(max-width: 859px) 100vw, 859px\" \/><\/p>\n<p><strong>ALTAS<\/strong>: Oliver Torres (Atl\u00e9tico), Laurent Depointre (Gent), Alex Telles (Galatasaray), Felipe (Corinthians), Joao Teixeira (Liverpool), Diego Reyes (Real Sociedad), Diogo Jota (Atl\u00e9tico)<\/p>\n<p><strong>BAJAS<\/strong>: Huyn Jun Suk (Trabzonspor-pr\u00e9stamo), Sami (Akhisarspor), Tiago Rodrigues (Nacional), Maicon (Sao Paulo), Jos\u00e9 \u00c1ngel (Villarreal), Helton (sin equipo), Vincent Aboubakar (Besiktas),\u00a0 Z\u00e9 Manuel (Boavista)<\/p>\n<p><strong>RUMORES ALTAS<\/strong>: Anderlan Santos (Valencia)<\/p>\n<p><strong>RUMORES BAJAS<\/strong>: H\u00e9ctor Herrera (Napoli\/Juventus), (Diego Reyes (Espanyol\/Real Sociedad)<\/p>\n<p><img decoding=\"async\" loading=\"lazy\" class=\"alignnone size-full wp-image-405650\" src=\"http:\/\/www.futboltotal.com.mx\/wp-content\/uploads\/2016\/06\/banner-psv-eindhoven.jpg\" alt=\"banner-psv-eindhoven\" srcset=\"http:\/\/desarrollo.grupomedios.com\/futbol\/wp-content\/uploads\/2016\/06\/banner-psv-eindhoven.jpg 859w, http:\/\/desarrollo.grupomedios.com\/futbol\/wp-content\/uploads\/2016\/06\/banner-psv-eindhoven-300x35.jpg 300w, http:\/\/desarrollo.grupomedios.com\/futbol\/wp-content\/uploads\/2016\/06\/banner-psv-eindhoven-768x89.jpg 768w, http:\/\/desarrollo.grupomedios.com\/futbol\/wp-content\/uploads\/2016\/06\/banner-psv-eindhoven-858x100.jpg 858w\" sizes=\"(max-width: 859px) 100vw, 859px\" \/><\/p>\n<p><strong>ALTAS<\/strong>: Baart Ramselaar (Utrecht), D. Schrab (Libre-Stuttgart), Hidde Jurjus (De Graafschap), Oleksander Zinchenko (Manchester City), Siem de Jong (Newcastle), Rai Vloet (Cambuur),<\/p>\n<p><strong>BAJAS<\/strong>:\u00a0Marco van Ginkel (Fin de pr\u00e9stamo), Jeffrey Bruma (Wolfsburgo), Maxime Lestienne (Al-Arabi), Stijn Schaars (Heerenveen), Marcel Ritzmaier (Go Ahead)<\/p>\n<p><strong>RUMORES ALTAS<\/strong>:<\/p>\n<p><strong>RUMORES BAJAS<\/strong>:<\/p>\n","protected":false},"excerpt":{"rendered":"<p>Sigue altas, bajas y rumores de los principales clubes del Viejo Continente<\/p>\n","protected":false},"author":20,"featured_media":423920,"comment_status":"closed","ping_status":"closed","sticky":false,"template":"","format":"standard","meta":[],"categories":[5,3839,3844,3846,3848],"tags":[352,640],"_links":{"self":[{"href":"http:\/\/desarrollo.grupomedios.com\/futbol\/wp-json\/wp\/v2\/posts\/405524"}],"collection":[{"href":"http:\/\/desarrollo.grupomedios.com\/futbol\/wp-json\/wp\/v2\/posts"}],"about":[{"href":"http:\/\/desarrollo.grupomedios.com\/futbol\/wp-json\/wp\/v2\/types\/post"}],"author":[{"embeddable":true,"href":"http:\/\/desarrollo.grupomedios.com\/futbol\/wp-json\/wp\/v2\/users\/20"}],"replies":[{"embeddable":true,"href":"http:\/\/desarrollo.grupomedios.com\/futbol\/wp-json\/wp\/v2\/comments?post=405524"}],"version-history":[{"count":0,"href":"http:\/\/desarrollo.grupomedios.com\/futbol\/wp-json\/wp\/v2\/posts\/405524\/revisions"}],"wp:featuredmedia":[{"embeddable":true,"href":"http:\/\/desarrollo.grupomedios.com\/futbol\/wp-json\/wp\/v2\/media\/423920"}],"wp:attachment":[{"href":"http:\/\/desarrollo.grupomedios.com\/futbol\/wp-json\/wp\/v2\/media?parent=405524"}],"wp:term":[{"taxonomy":"category","embeddable":true,"href":"http:\/\/desarrollo.grupomedios.com\/futbol\/wp-json\/wp\/v2\/categories?post=405524"},{"taxonomy":"post_tag","embeddable":true,"href":"http:\/\/desarrollo.grupomedios.com\/futbol\/wp-json\/wp\/v2\/tags?post=405524"}],"curies":[{"name":"wp","href":"https:\/\/api.w.org\/{rel}","templated":true}]}}