{"id":405611,"date":"2016-06-22T13:00:53","date_gmt":"2016-06-22T19:00:53","guid":{"rendered":"http:\/\/www.futboltotal.com.mx\/?p=405611"},"modified":"2016-06-22T13:00:53","modified_gmt":"2016-06-22T19:00:53","slug":"maza-rodriguez-seguira-cruz-azul","status":"publish","type":"post","link":"http:\/\/desarrollo.grupomedios.com\/futbol\/futbol-mexicano\/maza-rodriguez-seguira-cruz-azul\/2016\/06","title":{"rendered":"Maza Rodr\u00edguez seguir\u00e1 con Cruz Azul"},"content":{"rendered":"<p>La continuidad de <strong>Francisco <em>Maza<\/em> Rodr\u00edguez<\/strong> con <a href=\"http:\/\/futboltotal.com.mx\/equipos\/cruz-azul\/\" target=\"_blank\"><strong>Cruz Azul<\/strong><\/a> fue tema de discusi\u00f3n en semanas recientes, sin embargo, el t\u00e9cnico <strong>Tom\u00e1s Boy<\/strong> dio carpetazo al confirmar que el defensa seguir\u00e1 en la Noria.<\/p>\n<p>\u201cYa habl\u00e9 con <em>Maza<\/em> y habl\u00e9 much\u00edsimo. \u00c9l sabe que mientras est\u00e9 en la instituci\u00f3n puede pelear su lugar. Nosotros lo incluimos en el equipo porque a diferencia de <strong>Marc Crosas<\/strong> no se le avis\u00f3 en tiempo y forma. \u00c9l sabe que la competencia es dura y lo tom\u00f3 como un buen reto\u201d, explic\u00f3 el <em>Jefe<\/em> en conferencia de prensa.<\/p>\n<blockquote class=\"twitter-tweet\" data-lang=\"es\">\n<p dir=\"ltr\" lang=\"es\">Cruz Azul derrot\u00f3 2-1 a Tampico Madero FC en su segundo partido de preparaci\u00f3n. <a href=\"https:\/\/twitter.com\/hashtag\/CruzAzul?src=hash\">#CruzAzul<\/a> <a href=\"https:\/\/twitter.com\/hashtag\/AzulEsTodo?src=hash\">#AzulEsTodo<\/a> <a href=\"https:\/\/t.co\/55Tzkce3Mu\">pic.twitter.com\/55Tzkce3Mu<\/a><\/p>\n<p>\u2014 Conexi\u00f3n Azul (@Conexion_Azul) <a href=\"https:\/\/twitter.com\/Conexion_Azul\/status\/745678946528681985\">22 de junio de 2016<\/a><\/p><\/blockquote>\n<p><script src=\"\/\/platform.twitter.com\/widgets.js\" async=\"\" charset=\"utf-8\"><\/script><\/p>\n<p>Sobre el caso de <strong>Crosas<\/strong>,<strong> Tom\u00e1s Boy<\/strong> desestim\u00f3 que<strong> Cruz Azul<\/strong> actuara de forma incorrecta con el espa\u00f1ol, adem\u00e1s que podr\u00e1 seguir entrenando con la Sub-20, noticia que confirm\u00f3 el propio club por medio de un escueto comunicado.<\/p>\n<p>&#8220;No hay ning\u00fan tipo de injusticia, todo est\u00e1 en tiempo y forma. Recibi\u00f3 permisos especiales, el club le ha dado todo lo necesario. Conmigo no puede trabajar en el primer equipo, hay un n\u00famero espec\u00edfico. No est\u00e1 considerado en el primer equipo, pero puede entrenar en la Sub 20&#8221;, explic\u00f3.<\/p>\n<p><span style=\"color: #ff0000;\"><strong>VIDEO<\/strong>: Los 10 peores cobros a lo Panenka<\/span><\/p>\n<p>[video_player]https:\/\/player.vimeo.com\/external\/171433638.sd.mp4?s=78404ffed0660d7b888d883dca6a4754abbef8df&amp;profile_id=165[\/video_player]<\/p>\n","protected":false},"excerpt":{"rendered":"<p>Tom\u00e1s Boy confirm\u00f3 la continuidad del defensa <\/p>\n","protected":false},"author":20,"featured_media":405614,"comment_status":"closed","ping_status":"closed","sticky":false,"template":"","format":"standard","meta":[],"categories":[2198,3845,5950],"tags":[5962],"_links":{"self":[{"href":"http:\/\/desarrollo.grupomedios.com\/futbol\/wp-json\/wp\/v2\/posts\/405611"}],"collection":[{"href":"http:\/\/desarrollo.grupomedios.com\/futbol\/wp-json\/wp\/v2\/posts"}],"about":[{"href":"http:\/\/desarrollo.grupomedios.com\/futbol\/wp-json\/wp\/v2\/types\/post"}],"author":[{"embeddable":true,"href":"http:\/\/desarrollo.grupomedios.com\/futbol\/wp-json\/wp\/v2\/users\/20"}],"replies":[{"embeddable":true,"href":"http:\/\/desarrollo.grupomedios.com\/futbol\/wp-json\/wp\/v2\/comments?post=405611"}],"version-history":[{"count":0,"href":"http:\/\/desarrollo.grupomedios.com\/futbol\/wp-json\/wp\/v2\/posts\/405611\/revisions"}],"wp:featuredmedia":[{"embeddable":true,"href":"http:\/\/desarrollo.grupomedios.com\/futbol\/wp-json\/wp\/v2\/media\/405614"}],"wp:attachment":[{"href":"http:\/\/desarrollo.grupomedios.com\/futbol\/wp-json\/wp\/v2\/media?parent=405611"}],"wp:term":[{"taxonomy":"category","embeddable":true,"href":"http:\/\/desarrollo.grupomedios.com\/futbol\/wp-json\/wp\/v2\/categories?post=405611"},{"taxonomy":"post_tag","embeddable":true,"href":"http:\/\/desarrollo.grupomedios.com\/futbol\/wp-json\/wp\/v2\/tags?post=405611"}],"curies":[{"name":"wp","href":"https:\/\/api.w.org\/{rel}","templated":true}]}}