{"id":405652,"date":"2016-06-22T23:12:35","date_gmt":"2016-06-23T05:12:35","guid":{"rendered":"http:\/\/www.futboltotal.com.mx\/?p=405652"},"modified":"2016-06-22T23:22:36","modified_gmt":"2016-06-23T05:22:36","slug":"los-refuerzos-chivas","status":"publish","type":"post","link":"http:\/\/desarrollo.grupomedios.com\/futbol\/futbol-mexicano\/los-refuerzos-chivas\/2016\/06","title":{"rendered":"Los refuerzos de Chivas&#8230;"},"content":{"rendered":"<p>El Apertura 2016 marcar\u00e1 un punto de inflexi\u00f3n en la etapa de <strong>Mat\u00edas Almeyda<\/strong> como director t\u00e9cnico de <strong>Chivas<\/strong>. Despu\u00e9s de haber evitado el descenso del <em>Reba\u00f1o<\/em>\u00a0el semestre anterior, ahora el objetivo es liderar una revoluci\u00f3n en el club y conseguir disputar no solo la Liguilla -como ocurri\u00f3 en el torneo anterior- sino una final, que no llega desde hace una d\u00e9cada (Apertura 2006). Para ello, el <em>Pelado\u00a0<\/em>se ha encargado de gestionar la llegada de refuerzos y eligi\u00f3 tres jugadores que &#8220;cumplen con las caracter\u00edsticas para tener un equipo competitivo&#8221;.<\/p>\n<p><span style=\"color: #ff0000;\"><strong>LAS ALTAS<\/strong><\/span><\/p>\n<p><b>Marco Bueno\u00a0<\/b>| El delantero tuvo su mejor rendimiento en su \u00faltimo torneo con Le\u00f3n, donde estuvo pr\u00e9stamo dos torneos y particip\u00f3 en seis partidos de Copa MX y marc\u00f3 tres goles.\u00a0&#8220;Su mejor habilidad es romper la marca y ganar la espalda al defensor&#8221;, apunta Efra\u00edn Flores, quien lo dirigi\u00f3 en Pachuca en 2012. Bueno llega para apuntalar la artiller\u00eda del club, que en el Apertura 2016 marc\u00f3 24 goles, pero solo dos de ellos fueron de los delanteros\u00a0Omar Bravo, m\u00e1ximo anotador del club y \u00c1ngel Zald\u00edvar.<\/p>\n<p><a href=\"http:\/\/www.futboltotal.com.mx\/wp-content\/uploads\/2016\/06\/Marco-Bueno.jpg\"><img decoding=\"async\" loading=\"lazy\" class=\"alignnone size-full wp-image-405751\" src=\"http:\/\/www.futboltotal.com.mx\/wp-content\/uploads\/2016\/06\/Marco-Bueno.jpg\" alt=\"Marco-Bueno\" srcset=\"http:\/\/desarrollo.grupomedios.com\/futbol\/wp-content\/uploads\/2016\/06\/Marco-Bueno.jpg 858w, http:\/\/desarrollo.grupomedios.com\/futbol\/wp-content\/uploads\/2016\/06\/Marco-Bueno-300x151.jpg 300w, http:\/\/desarrollo.grupomedios.com\/futbol\/wp-content\/uploads\/2016\/06\/Marco-Bueno-768x386.jpg 768w, http:\/\/desarrollo.grupomedios.com\/futbol\/wp-content\/uploads\/2016\/06\/Marco-Bueno-340x171.jpg 340w\" sizes=\"(max-width: 858px) 100vw, 858px\" \/><\/a><\/p>\n<p><b>Jos\u00e9 Juan V\u00e1zquez\u00a0<\/b>| Chivas necesitaba de un contenci\u00f3n de primer nivel, con visi\u00f3n perif\u00e9rica y precisi\u00f3n en el toque. No hubo otro candidatos que el <em>Gallito,<\/em> quien agrad\u00f3 a Almeyda por que &#8220;tiene una gran visi\u00f3n y es muy buen recuperador&#8221;.V\u00e1zquez, de 28 a\u00f1os y en plena madurez futbol\u00edstica, llega para dotar de solidez la zona de contenci\u00f3n, ante la inminente baja de Israel Castro, quien\u00a0no entra en planes del DT argentino, y en la cual figura\u00a0Michael P\u00e9rez y el veterano Carlos Salcido.<\/p>\n<p><a href=\"http:\/\/www.futboltotal.com.mx\/wp-content\/uploads\/2016\/06\/Gallito.jpg\"><img decoding=\"async\" loading=\"lazy\" class=\"alignnone size-full wp-image-405760\" src=\"http:\/\/www.futboltotal.com.mx\/wp-content\/uploads\/2016\/06\/Gallito.jpg\" alt=\"Gallito\" srcset=\"http:\/\/desarrollo.grupomedios.com\/futbol\/wp-content\/uploads\/2016\/06\/Gallito.jpg 858w, http:\/\/desarrollo.grupomedios.com\/futbol\/wp-content\/uploads\/2016\/06\/Gallito-300x151.jpg 300w, http:\/\/desarrollo.grupomedios.com\/futbol\/wp-content\/uploads\/2016\/06\/Gallito-768x386.jpg 768w, http:\/\/desarrollo.grupomedios.com\/futbol\/wp-content\/uploads\/2016\/06\/Gallito-340x171.jpg 340w\" sizes=\"(max-width: 858px) 100vw, 858px\" \/><\/a><\/p>\n<p><strong>N\u00e9stor Calder\u00f3n<\/strong> | Chivas necesitaba un mediocampista que, adem\u00e1s de volante, tambi\u00e9n pudiese funcionar como extremo y tuviese gol. Almeyda vio en el <em>Avi\u00f3n\u00a0<\/em>al candidato ideal, pues coloc\u00f3 en su hoja de servicio n\u00fameros de primer nivel con la camiseta del Santos durante el Clausura 2016: 18 partidos, 1361 minutos -el segundo medio con m\u00e1s rodaje- adem\u00e1s de cuatro goles y un par de asistencias. &#8220;En la pretemporada se ha ido adaptando y entienda la idea futbol\u00edstica&#8221;, apunta el <em>Pelado.<\/em><\/p>\n<p><a href=\"http:\/\/www.futboltotal.com.mx\/wp-content\/uploads\/2016\/06\/Nestor-Calderon.jpg\"><img decoding=\"async\" loading=\"lazy\" class=\"alignnone size-full wp-image-405761\" src=\"http:\/\/www.futboltotal.com.mx\/wp-content\/uploads\/2016\/06\/Nestor-Calderon.jpg\" alt=\"Nestor-Calderon\" srcset=\"http:\/\/desarrollo.grupomedios.com\/futbol\/wp-content\/uploads\/2016\/06\/Nestor-Calderon.jpg 858w, http:\/\/desarrollo.grupomedios.com\/futbol\/wp-content\/uploads\/2016\/06\/Nestor-Calderon-300x151.jpg 300w, http:\/\/desarrollo.grupomedios.com\/futbol\/wp-content\/uploads\/2016\/06\/Nestor-Calderon-768x386.jpg 768w, http:\/\/desarrollo.grupomedios.com\/futbol\/wp-content\/uploads\/2016\/06\/Nestor-Calderon-340x171.jpg 340w\" sizes=\"(max-width: 858px) 100vw, 858px\" \/><\/a><\/p>\n<p><span style=\"color: #ff0000;\"><strong>LOS QUE ANHELAN FICHAR<\/strong><\/span><\/p>\n<p><strong>Alan Pulido <\/strong>|<strong>\u00a0<\/strong>Es el delantero que le quita el sue\u00f1o a Chivas y la contrataci\u00f3n imposible desde el semestre anterior. Cuando faltan poco m\u00e1s de tres semanas para que arranque el Apertura 2016, el <em>Reba\u00f1o<\/em> sigue trabajando para poder negociar su traspaso con el Olympiacos griego: &#8220;Es una posibilidad y necesitamos cerrarlo lo antes posible&#8221;, admite Jorge Vergara, due\u00f1o del club.<\/p>\n<p><a href=\"http:\/\/www.futboltotal.com.mx\/wp-content\/uploads\/2016\/06\/Pulido.jpg\"><img decoding=\"async\" loading=\"lazy\" class=\"alignnone size-full wp-image-405769\" src=\"http:\/\/www.futboltotal.com.mx\/wp-content\/uploads\/2016\/06\/Pulido.jpg\" alt=\"Pulido\" srcset=\"http:\/\/desarrollo.grupomedios.com\/futbol\/wp-content\/uploads\/2016\/06\/Pulido.jpg 858w, http:\/\/desarrollo.grupomedios.com\/futbol\/wp-content\/uploads\/2016\/06\/Pulido-300x151.jpg 300w, http:\/\/desarrollo.grupomedios.com\/futbol\/wp-content\/uploads\/2016\/06\/Pulido-768x386.jpg 768w, http:\/\/desarrollo.grupomedios.com\/futbol\/wp-content\/uploads\/2016\/06\/Pulido-340x171.jpg 340w\" sizes=\"(max-width: 858px) 100vw, 858px\" \/><\/a><\/p>\n<p><strong>Jes\u00fas Due\u00f1as \u00a0y Javier Aquino |<\/strong>\u00a0Los dos jugadores de Tigres interesaban al director t\u00e9cnico del Mat\u00edas Almeyda y la directiva de<em> Chivas<\/em> hizo el esfuerzo por ficharlos. Sin embargo, los <em>Felinos<\/em> rechazaron negociar su traspaso y a cambio pidieron estratosf\u00e9ricas sumas por dejarlos ir; el precio m\u00e1s alto era por el pase de Aquino, quien solo se marchar\u00eda si se pagaba una cifra superior a los 12 millones de d\u00f3lares. El propietario de Chivas, Jorge Vergara, admiti\u00f3 que tuvo que desistir de las negociaciones.<\/p>\n<p><a href=\"http:\/\/www.futboltotal.com.mx\/wp-content\/uploads\/2016\/06\/Aquino.jpg\"><img decoding=\"async\" loading=\"lazy\" class=\"alignnone size-full wp-image-405772\" src=\"http:\/\/www.futboltotal.com.mx\/wp-content\/uploads\/2016\/06\/Aquino.jpg\" alt=\"Aquino\" srcset=\"http:\/\/desarrollo.grupomedios.com\/futbol\/wp-content\/uploads\/2016\/06\/Aquino.jpg 858w, http:\/\/desarrollo.grupomedios.com\/futbol\/wp-content\/uploads\/2016\/06\/Aquino-300x151.jpg 300w, http:\/\/desarrollo.grupomedios.com\/futbol\/wp-content\/uploads\/2016\/06\/Aquino-768x386.jpg 768w, http:\/\/desarrollo.grupomedios.com\/futbol\/wp-content\/uploads\/2016\/06\/Aquino-340x171.jpg 340w\" sizes=\"(max-width: 858px) 100vw, 858px\" \/><\/a><\/p>\n","protected":false},"excerpt":{"rendered":"<p>Los Rojiblancos no descartan fichar un \u00faltimo refuerzo para el Apertura 2016<\/p>\n","protected":false},"author":20,"featured_media":405773,"comment_status":"closed","ping_status":"closed","sticky":false,"template":"","format":"standard","meta":[],"categories":[2198,3845,5950],"tags":[6927,70,64],"_links":{"self":[{"href":"http:\/\/desarrollo.grupomedios.com\/futbol\/wp-json\/wp\/v2\/posts\/405652"}],"collection":[{"href":"http:\/\/desarrollo.grupomedios.com\/futbol\/wp-json\/wp\/v2\/posts"}],"about":[{"href":"http:\/\/desarrollo.grupomedios.com\/futbol\/wp-json\/wp\/v2\/types\/post"}],"author":[{"embeddable":true,"href":"http:\/\/desarrollo.grupomedios.com\/futbol\/wp-json\/wp\/v2\/users\/20"}],"replies":[{"embeddable":true,"href":"http:\/\/desarrollo.grupomedios.com\/futbol\/wp-json\/wp\/v2\/comments?post=405652"}],"version-history":[{"count":0,"href":"http:\/\/desarrollo.grupomedios.com\/futbol\/wp-json\/wp\/v2\/posts\/405652\/revisions"}],"wp:featuredmedia":[{"embeddable":true,"href":"http:\/\/desarrollo.grupomedios.com\/futbol\/wp-json\/wp\/v2\/media\/405773"}],"wp:attachment":[{"href":"http:\/\/desarrollo.grupomedios.com\/futbol\/wp-json\/wp\/v2\/media?parent=405652"}],"wp:term":[{"taxonomy":"category","embeddable":true,"href":"http:\/\/desarrollo.grupomedios.com\/futbol\/wp-json\/wp\/v2\/categories?post=405652"},{"taxonomy":"post_tag","embeddable":true,"href":"http:\/\/desarrollo.grupomedios.com\/futbol\/wp-json\/wp\/v2\/tags?post=405652"}],"curies":[{"name":"wp","href":"https:\/\/api.w.org\/{rel}","templated":true}]}}