{"id":405696,"date":"2016-06-22T20:31:37","date_gmt":"2016-06-23T02:31:37","guid":{"rendered":"http:\/\/www.futboltotal.com.mx\/?p=405696"},"modified":"2016-06-22T20:32:20","modified_gmt":"2016-06-23T02:32:20","slug":"belgica-acaba-sueno-zlatan-suecia","status":"publish","type":"post","link":"http:\/\/desarrollo.grupomedios.com\/futbol\/futbol-internacional\/belgica-acaba-sueno-zlatan-suecia\/2016\/06","title":{"rendered":"B\u00e9lgica amarga la \u00faltima Eurocopa de Zlatan"},"content":{"rendered":"<p>En una apretada contienda para cerrar la actividad del Grupo E de la <strong>Euro 2016<\/strong>, la selecci\u00f3n de <strong>B\u00e9lgica<\/strong> consigui\u00f3 amarrar el segundo puesto del sector y con ello clasificarse a los octavos de final con victoria 1-0 sobre Suecia, que acab\u00f3 con los sue\u00f1os rotos de la mano de <strong>Zlatan Ibrahimovic<\/strong> y convertida en una de las grandes decepciones de la justa.<\/p>\n<p>Con ambas escuadras peleando el subliderato de grupo, el partido estuvo plagado de oportunidades frente al marco, y cuando el encuentro comenzaba a agonizar, el mediocampista belga Radja Nainggolan hizo acto de presencia con un remate que venci\u00f3 el marco rival y ofreci\u00f3 la victoria a los suyos al minuto 85. El gol fulmin\u00f3 la esperanza de los suecos de marcar un gol de \u00faltima hora y poder avanzar como uno de los cuatro mejores terceros lugares a la siguiente fase. Suecia termin\u00f3 con un solo gol marcado y no fue de su gran estrella <em>Ibracadabra<\/em>, quien disput\u00f3 su \u00faltima Eurocopa y se fue con las manos de la justa.<\/p>\n<p style=\"text-align: center;\"><span style=\"color: #3366ff;\"><strong><a style=\"color: #3366ff;\" href=\"http:\/\/www.futboltotal.com.mx\/2016\/06\/definidos-los-octavos-final-la-eurocopa\/\">LEER M\u00c1S: Definidos los Octavos de la Eurocopa 2016<\/a><\/strong><\/span><\/p>\n<p><iframe loading=\"lazy\" src=\"https:\/\/www.youtube.com\/embed\/XcYsY0xeW4g\" frameborder=\"0\" allowfullscreen=\"allowfullscreen\"><\/iframe><\/p>\n","protected":false},"excerpt":{"rendered":"<p>Un golazo de Nainggolan despidi\u00f3 a los n\u00f3rdicos en la Fase de Grupos <\/p>\n","protected":false},"author":20,"featured_media":405702,"comment_status":"closed","ping_status":"closed","sticky":false,"template":"","format":"standard","meta":[],"categories":[6995,3839,6999,5951],"tags":[599,2236,849,2315],"_links":{"self":[{"href":"http:\/\/desarrollo.grupomedios.com\/futbol\/wp-json\/wp\/v2\/posts\/405696"}],"collection":[{"href":"http:\/\/desarrollo.grupomedios.com\/futbol\/wp-json\/wp\/v2\/posts"}],"about":[{"href":"http:\/\/desarrollo.grupomedios.com\/futbol\/wp-json\/wp\/v2\/types\/post"}],"author":[{"embeddable":true,"href":"http:\/\/desarrollo.grupomedios.com\/futbol\/wp-json\/wp\/v2\/users\/20"}],"replies":[{"embeddable":true,"href":"http:\/\/desarrollo.grupomedios.com\/futbol\/wp-json\/wp\/v2\/comments?post=405696"}],"version-history":[{"count":0,"href":"http:\/\/desarrollo.grupomedios.com\/futbol\/wp-json\/wp\/v2\/posts\/405696\/revisions"}],"wp:featuredmedia":[{"embeddable":true,"href":"http:\/\/desarrollo.grupomedios.com\/futbol\/wp-json\/wp\/v2\/media\/405702"}],"wp:attachment":[{"href":"http:\/\/desarrollo.grupomedios.com\/futbol\/wp-json\/wp\/v2\/media?parent=405696"}],"wp:term":[{"taxonomy":"category","embeddable":true,"href":"http:\/\/desarrollo.grupomedios.com\/futbol\/wp-json\/wp\/v2\/categories?post=405696"},{"taxonomy":"post_tag","embeddable":true,"href":"http:\/\/desarrollo.grupomedios.com\/futbol\/wp-json\/wp\/v2\/tags?post=405696"}],"curies":[{"name":"wp","href":"https:\/\/api.w.org\/{rel}","templated":true}]}}