{"id":405700,"date":"2016-06-22T20:42:16","date_gmt":"2016-06-23T02:42:16","guid":{"rendered":"http:\/\/www.futboltotal.com.mx\/?p=405700"},"modified":"2016-06-22T20:46:08","modified_gmt":"2016-06-23T02:46:08","slug":"los-refuerzos-del-cruz-azul-rumbo-al-apertura-2016","status":"publish","type":"post","link":"http:\/\/desarrollo.grupomedios.com\/futbol\/futbol-mexicano\/los-refuerzos-del-cruz-azul-rumbo-al-apertura-2016\/2016\/06","title":{"rendered":"Los refuerzos del Cruz Azul"},"content":{"rendered":"<p><a href=\"http:\/\/www.futboltotal.com.mx\/equipos\/cruz-azul\/\" target=\"_blank\"><strong>Cruz Azul<\/strong><\/a>, uno de los clubes grandes de la <strong>Liga MX<\/strong>, se ha quedado fuera de la liguilla de los \u00faltimos cuatro torneos, algo que ha enfurecido a propios y extra\u00f1os, por la historia que rodea a la <em>M\u00e1quina<\/em>. Por eso el conjunto <em>celeste<\/em>, busca a los refuerzos que le devuelvan la alegr\u00eda de disputar otra vez, el t\u00edtulo del futbol nacional, que se le niega desde hace m\u00e1s de 18 a\u00f1os.<\/p>\n<p><span style=\"color: #ff0000;\"><strong>LAS ALTAS<\/strong><\/span><\/p>\n<p><strong>Adri\u00e1n Aldrete<\/strong> | Integrante de la generaci\u00f3n que consigui\u00f3 el primer t\u00edtulo Sub-17 del <em>TRI;<\/em> es de la plena confianza de Tom\u00e1s Boy, pues cuando lo tuvo en Morelia, era un titular indiscutible.<\/p>\n<p><a href=\"http:\/\/www.futboltotal.com.mx\/wp-content\/uploads\/2016\/06\/refuerzos-cruz-azul-aldrete.jpg\"><img decoding=\"async\" loading=\"lazy\" class=\"alignnone size-full wp-image-405705\" src=\"http:\/\/www.futboltotal.com.mx\/wp-content\/uploads\/2016\/06\/refuerzos-cruz-azul-aldrete.jpg\" alt=\"refuerzos-cruz-azul-aldrete\" srcset=\"http:\/\/desarrollo.grupomedios.com\/futbol\/wp-content\/uploads\/2016\/06\/refuerzos-cruz-azul-aldrete.jpg 858w, http:\/\/desarrollo.grupomedios.com\/futbol\/wp-content\/uploads\/2016\/06\/refuerzos-cruz-azul-aldrete-300x151.jpg 300w, http:\/\/desarrollo.grupomedios.com\/futbol\/wp-content\/uploads\/2016\/06\/refuerzos-cruz-azul-aldrete-768x386.jpg 768w, http:\/\/desarrollo.grupomedios.com\/futbol\/wp-content\/uploads\/2016\/06\/refuerzos-cruz-azul-aldrete-340x171.jpg 340w\" sizes=\"(max-width: 858px) 100vw, 858px\" \/><\/a><\/p>\n<p><span style=\"color: #000000;\"><strong>Jes\u00fas Garc\u00eda<\/strong><\/span> | Joven proveniente de Dorados, y que form\u00f3 parte de la <a href=\"http:\/\/www.futboltotal.com.mx\/futbol-mexicano\/seleccion-mexicana\/\" target=\"_blank\"><strong>Selecci\u00f3n Mexicana<\/strong><\/a> que compiti\u00f3 en el torneo Esperanzas de Toulon de 2016.<\/p>\n<p><a href=\"http:\/\/www.futboltotal.com.mx\/wp-content\/uploads\/2016\/06\/refuerzos-cruz-azul-jose-garcia.jpg\"><img decoding=\"async\" loading=\"lazy\" class=\"alignnone size-full wp-image-405706\" src=\"http:\/\/www.futboltotal.com.mx\/wp-content\/uploads\/2016\/06\/refuerzos-cruz-azul-jose-garcia.jpg\" alt=\"refuerzos-cruz-azul-jose-garcia\" srcset=\"http:\/\/desarrollo.grupomedios.com\/futbol\/wp-content\/uploads\/2016\/06\/refuerzos-cruz-azul-jose-garcia.jpg 858w, http:\/\/desarrollo.grupomedios.com\/futbol\/wp-content\/uploads\/2016\/06\/refuerzos-cruz-azul-jose-garcia-300x151.jpg 300w, http:\/\/desarrollo.grupomedios.com\/futbol\/wp-content\/uploads\/2016\/06\/refuerzos-cruz-azul-jose-garcia-768x386.jpg 768w, http:\/\/desarrollo.grupomedios.com\/futbol\/wp-content\/uploads\/2016\/06\/refuerzos-cruz-azul-jose-garcia-340x171.jpg 340w\" sizes=\"(max-width: 858px) 100vw, 858px\" \/><\/a><\/p>\n<p><strong>Juli\u00e1n Vel\u00e1zquez<\/strong> | Ante la urgencia de mejorar en el sector defensivo, la <em>M\u00e1quina<\/em> fich\u00f3 al central argentino, que buscar\u00e1 hacer una muralla que ayude a Jos\u00e9 de Jes\u00fas Corona.<\/p>\n<p><a href=\"http:\/\/www.futboltotal.com.mx\/wp-content\/uploads\/2016\/06\/refuerzos-cruz-azul-velazquez.jpg\"><img decoding=\"async\" loading=\"lazy\" class=\"alignnone size-full wp-image-405708\" src=\"http:\/\/www.futboltotal.com.mx\/wp-content\/uploads\/2016\/06\/refuerzos-cruz-azul-velazquez.jpg\" alt=\"refuerzos-cruz-azul-velazquez\" srcset=\"http:\/\/desarrollo.grupomedios.com\/futbol\/wp-content\/uploads\/2016\/06\/refuerzos-cruz-azul-velazquez.jpg 858w, http:\/\/desarrollo.grupomedios.com\/futbol\/wp-content\/uploads\/2016\/06\/refuerzos-cruz-azul-velazquez-300x151.jpg 300w, http:\/\/desarrollo.grupomedios.com\/futbol\/wp-content\/uploads\/2016\/06\/refuerzos-cruz-azul-velazquez-768x386.jpg 768w, http:\/\/desarrollo.grupomedios.com\/futbol\/wp-content\/uploads\/2016\/06\/refuerzos-cruz-azul-velazquez-340x171.jpg 340w\" sizes=\"(max-width: 858px) 100vw, 858px\" \/><\/a><\/p>\n<p style=\"text-align: center;\"><span style=\"color: #3366ff;\"><a style=\"color: #3366ff;\" href=\"http:\/\/www.futboltotal.com.mx\/2016\/06\/rumores-refuerzo-centenario-del-america\/\" target=\"_blank\"><strong>LEER M\u00c1S: El refuerzo centenario del Am\u00e9rica<\/strong><\/a><\/span><\/p>\n<p><span style=\"color: #ff0000;\"><strong>LOS QUE SE APROXIMAN<\/strong><\/span><\/p>\n<p><strong>Francisco Silva<\/strong> | El chileno est\u00e1 en pl\u00e1ticas con la <em>M\u00e1quina<\/em> para suplir el lugar de Marc Crosas y Gerardo Torrado, quienes no cumplieron las expectativas del <em>Jefe<\/em>.<\/p>\n<p><a href=\"http:\/\/www.futboltotal.com.mx\/wp-content\/uploads\/2016\/06\/refuerzos-cruz-azul-francisco-silva.jpg\"><img decoding=\"async\" loading=\"lazy\" class=\"alignnone size-full wp-image-405709\" src=\"http:\/\/www.futboltotal.com.mx\/wp-content\/uploads\/2016\/06\/refuerzos-cruz-azul-francisco-silva.jpg\" alt=\"refuerzos-cruz-azul-francisco-silva\" srcset=\"http:\/\/desarrollo.grupomedios.com\/futbol\/wp-content\/uploads\/2016\/06\/refuerzos-cruz-azul-francisco-silva.jpg 858w, http:\/\/desarrollo.grupomedios.com\/futbol\/wp-content\/uploads\/2016\/06\/refuerzos-cruz-azul-francisco-silva-300x151.jpg 300w, http:\/\/desarrollo.grupomedios.com\/futbol\/wp-content\/uploads\/2016\/06\/refuerzos-cruz-azul-francisco-silva-768x386.jpg 768w, http:\/\/desarrollo.grupomedios.com\/futbol\/wp-content\/uploads\/2016\/06\/refuerzos-cruz-azul-francisco-silva-340x171.jpg 340w\" sizes=\"(max-width: 858px) 100vw, 858px\" \/><\/a><\/p>\n<p><strong>Enzo Roco<\/strong> | Otro chileno que es de sumo inter\u00e9s para Tom\u00e1s Boy, quien busca formar un poderoso medio campo.<\/p>\n<p><a href=\"http:\/\/www.futboltotal.com.mx\/wp-content\/uploads\/2016\/06\/refuerzos-cruz-azul-roco.jpg\"><img decoding=\"async\" loading=\"lazy\" class=\"alignnone size-full wp-image-405710\" src=\"http:\/\/www.futboltotal.com.mx\/wp-content\/uploads\/2016\/06\/refuerzos-cruz-azul-roco.jpg\" alt=\"refuerzos-cruz-azul-roco\" srcset=\"http:\/\/desarrollo.grupomedios.com\/futbol\/wp-content\/uploads\/2016\/06\/refuerzos-cruz-azul-roco.jpg 858w, http:\/\/desarrollo.grupomedios.com\/futbol\/wp-content\/uploads\/2016\/06\/refuerzos-cruz-azul-roco-300x151.jpg 300w, http:\/\/desarrollo.grupomedios.com\/futbol\/wp-content\/uploads\/2016\/06\/refuerzos-cruz-azul-roco-768x386.jpg 768w, http:\/\/desarrollo.grupomedios.com\/futbol\/wp-content\/uploads\/2016\/06\/refuerzos-cruz-azul-roco-340x171.jpg 340w\" sizes=\"(max-width: 858px) 100vw, 858px\" \/><\/a><\/p>\n<p><strong>Jonathan Cristaldo<\/strong> | Delantero argentino que ans\u00eda jugar con la <em>M\u00e1quina<\/em> y que habr\u00eda dado un gui\u00f1o de estar cerca del conjunto <em>celeste<\/em>.<\/p>\n<p><a href=\"http:\/\/www.futboltotal.com.mx\/wp-content\/uploads\/2016\/06\/jonathan-cristaldo-dedica-gol-a-cruz-azul.jpg\"><img decoding=\"async\" loading=\"lazy\" class=\"alignnone size-full wp-image-404345\" src=\"http:\/\/www.futboltotal.com.mx\/wp-content\/uploads\/2016\/06\/jonathan-cristaldo-dedica-gol-a-cruz-azul.jpg\" alt=\"jonathan-cristaldo-dedica-gol-a-cruz-azul\" srcset=\"http:\/\/desarrollo.grupomedios.com\/futbol\/wp-content\/uploads\/2016\/06\/jonathan-cristaldo-dedica-gol-a-cruz-azul.jpg 858w, http:\/\/desarrollo.grupomedios.com\/futbol\/wp-content\/uploads\/2016\/06\/jonathan-cristaldo-dedica-gol-a-cruz-azul-300x151.jpg 300w, http:\/\/desarrollo.grupomedios.com\/futbol\/wp-content\/uploads\/2016\/06\/jonathan-cristaldo-dedica-gol-a-cruz-azul-768x386.jpg 768w, http:\/\/desarrollo.grupomedios.com\/futbol\/wp-content\/uploads\/2016\/06\/jonathan-cristaldo-dedica-gol-a-cruz-azul-340x171.jpg 340w\" sizes=\"(max-width: 858px) 100vw, 858px\" \/><\/a><\/p>\n<p><span style=\"color: #ff0000;\"><strong>LOS RUMORES<\/strong><\/span><\/p>\n<p><strong>Walter Montoya<\/strong> | La <em>M\u00e1quina<\/em> est\u00e1 muy interesada en que el jugador sea su nuevo refuerzo, pero a pesar de ello, todav\u00eda no existe una oferta formal a Rosario Central.<\/p>\n<p><a href=\"http:\/\/www.futboltotal.com.mx\/wp-content\/uploads\/2016\/06\/Walter-Montoya-refuerzo-cruz-azul.jpg\"><img decoding=\"async\" loading=\"lazy\" class=\"alignnone size-full wp-image-401786\" src=\"http:\/\/www.futboltotal.com.mx\/wp-content\/uploads\/2016\/06\/Walter-Montoya-refuerzo-cruz-azul.jpg\" alt=\"Walter-Montoya-refuerzo-cruz-azul\" srcset=\"http:\/\/desarrollo.grupomedios.com\/futbol\/wp-content\/uploads\/2016\/06\/Walter-Montoya-refuerzo-cruz-azul.jpg 858w, http:\/\/desarrollo.grupomedios.com\/futbol\/wp-content\/uploads\/2016\/06\/Walter-Montoya-refuerzo-cruz-azul-300x151.jpg 300w, http:\/\/desarrollo.grupomedios.com\/futbol\/wp-content\/uploads\/2016\/06\/Walter-Montoya-refuerzo-cruz-azul-768x386.jpg 768w\" sizes=\"(max-width: 858px) 100vw, 858px\" \/><\/a><\/p>\n<p><strong>Ram\u00f3n \u00c1bila<\/strong> | En Hurac\u00e1n tienen conocimiento de las ofertas que hay en puerta y la directiva del club ha cifrado el traspaso del jugador en ocho millones de d\u00f3lares.<\/p>\n<p><a href=\"http:\/\/www.futboltotal.com.mx\/wp-content\/uploads\/2016\/06\/refuerzos-cruz-azul-mercado-1.jpg\"><img decoding=\"async\" loading=\"lazy\" class=\"alignnone size-full wp-image-405714\" src=\"http:\/\/www.futboltotal.com.mx\/wp-content\/uploads\/2016\/06\/refuerzos-cruz-azul-mercado-1.jpg\" alt=\"refuerzos-cruz-azul-mercado\" srcset=\"http:\/\/desarrollo.grupomedios.com\/futbol\/wp-content\/uploads\/2016\/06\/refuerzos-cruz-azul-mercado-1.jpg 858w, http:\/\/desarrollo.grupomedios.com\/futbol\/wp-content\/uploads\/2016\/06\/refuerzos-cruz-azul-mercado-1-300x151.jpg 300w, http:\/\/desarrollo.grupomedios.com\/futbol\/wp-content\/uploads\/2016\/06\/refuerzos-cruz-azul-mercado-1-768x386.jpg 768w, http:\/\/desarrollo.grupomedios.com\/futbol\/wp-content\/uploads\/2016\/06\/refuerzos-cruz-azul-mercado-1-340x171.jpg 340w\" sizes=\"(max-width: 858px) 100vw, 858px\" \/><\/a><\/p>\n<p><strong>Nicol\u00e1s Castillo<\/strong> | Castillo fue colocado en la \u00f3rbita del cuadro cementero, luego de no tener definido su futuro con la Universidad de Chile. <a href=\"http:\/\/www.futboltotal.com.mx\/wp-content\/uploads\/2016\/06\/refuerzos-cruz-azul-castillo.jpg\"><img decoding=\"async\" loading=\"lazy\" class=\"alignnone size-full wp-image-405711\" src=\"http:\/\/www.futboltotal.com.mx\/wp-content\/uploads\/2016\/06\/refuerzos-cruz-azul-castillo.jpg\" alt=\"refuerzos-cruz-azul-castillo\" srcset=\"http:\/\/desarrollo.grupomedios.com\/futbol\/wp-content\/uploads\/2016\/06\/refuerzos-cruz-azul-castillo.jpg 858w, http:\/\/desarrollo.grupomedios.com\/futbol\/wp-content\/uploads\/2016\/06\/refuerzos-cruz-azul-castillo-300x151.jpg 300w, http:\/\/desarrollo.grupomedios.com\/futbol\/wp-content\/uploads\/2016\/06\/refuerzos-cruz-azul-castillo-768x386.jpg 768w, http:\/\/desarrollo.grupomedios.com\/futbol\/wp-content\/uploads\/2016\/06\/refuerzos-cruz-azul-castillo-340x171.jpg 340w\" sizes=\"(max-width: 858px) 100vw, 858px\" \/><\/a><\/p>\n<p><strong>Rodrigo Mora<\/strong> | De acuerdo con la prensa argentina, el jugador de River Plate y la <em>M\u00e1quina<\/em> ya llegaron a un acuerdo y ser\u00e1 la pr\u00f3xima semana que se anuncie de forma oficial el fichaje.<\/p>\n<p><a href=\"http:\/\/www.futboltotal.com.mx\/wp-content\/uploads\/2016\/06\/rodrigo-mora-cruz-azul-refuerzo.jpg\"><img decoding=\"async\" loading=\"lazy\" class=\"alignnone size-full wp-image-403225\" src=\"http:\/\/www.futboltotal.com.mx\/wp-content\/uploads\/2016\/06\/rodrigo-mora-cruz-azul-refuerzo.jpg\" alt=\"rodrigo-mora-cruz-azul-refuerzo\" srcset=\"http:\/\/desarrollo.grupomedios.com\/futbol\/wp-content\/uploads\/2016\/06\/rodrigo-mora-cruz-azul-refuerzo.jpg 858w, http:\/\/desarrollo.grupomedios.com\/futbol\/wp-content\/uploads\/2016\/06\/rodrigo-mora-cruz-azul-refuerzo-300x151.jpg 300w, http:\/\/desarrollo.grupomedios.com\/futbol\/wp-content\/uploads\/2016\/06\/rodrigo-mora-cruz-azul-refuerzo-768x386.jpg 768w, http:\/\/desarrollo.grupomedios.com\/futbol\/wp-content\/uploads\/2016\/06\/rodrigo-mora-cruz-azul-refuerzo-340x171.jpg 340w\" sizes=\"(max-width: 858px) 100vw, 858px\" \/><\/a><\/p>\n<p><strong>Gabriel Mercado<\/strong> | De acuerdo al diario argentino, <em>Ol\u00e9<\/em>, el club m\u00e1s cercano en contratar a Gabriel Mercado, es el Cruz Azul, quien estar\u00eda de acuerdo en fichar al zaguero pampero por tres millones de d\u00f3lares.<\/p>\n","protected":false},"excerpt":{"rendered":"<p>As\u00ed se arma la M\u00e1quina rumbo al Apertura 2016<\/p>\n","protected":false},"author":20,"featured_media":405703,"comment_status":"closed","ping_status":"closed","sticky":false,"template":"","format":"standard","meta":[],"categories":[2198,3845,5950],"tags":[5962],"_links":{"self":[{"href":"http:\/\/desarrollo.grupomedios.com\/futbol\/wp-json\/wp\/v2\/posts\/405700"}],"collection":[{"href":"http:\/\/desarrollo.grupomedios.com\/futbol\/wp-json\/wp\/v2\/posts"}],"about":[{"href":"http:\/\/desarrollo.grupomedios.com\/futbol\/wp-json\/wp\/v2\/types\/post"}],"author":[{"embeddable":true,"href":"http:\/\/desarrollo.grupomedios.com\/futbol\/wp-json\/wp\/v2\/users\/20"}],"replies":[{"embeddable":true,"href":"http:\/\/desarrollo.grupomedios.com\/futbol\/wp-json\/wp\/v2\/comments?post=405700"}],"version-history":[{"count":0,"href":"http:\/\/desarrollo.grupomedios.com\/futbol\/wp-json\/wp\/v2\/posts\/405700\/revisions"}],"wp:featuredmedia":[{"embeddable":true,"href":"http:\/\/desarrollo.grupomedios.com\/futbol\/wp-json\/wp\/v2\/media\/405703"}],"wp:attachment":[{"href":"http:\/\/desarrollo.grupomedios.com\/futbol\/wp-json\/wp\/v2\/media?parent=405700"}],"wp:term":[{"taxonomy":"category","embeddable":true,"href":"http:\/\/desarrollo.grupomedios.com\/futbol\/wp-json\/wp\/v2\/categories?post=405700"},{"taxonomy":"post_tag","embeddable":true,"href":"http:\/\/desarrollo.grupomedios.com\/futbol\/wp-json\/wp\/v2\/tags?post=405700"}],"curies":[{"name":"wp","href":"https:\/\/api.w.org\/{rel}","templated":true}]}}