{"id":405739,"date":"2016-06-22T21:14:54","date_gmt":"2016-06-23T03:14:54","guid":{"rendered":"http:\/\/www.futboltotal.com.mx\/?p=405739"},"modified":"2016-06-22T21:14:54","modified_gmt":"2016-06-23T03:14:54","slug":"vergara-confirma-posibilidad-chivas-fiche-a-alan-pulido","status":"publish","type":"post","link":"http:\/\/desarrollo.grupomedios.com\/futbol\/futbol-mexicano\/vergara-confirma-posibilidad-chivas-fiche-a-alan-pulido\/2016\/06","title":{"rendered":"Chivas reintenta por Alan Pulido"},"content":{"rendered":"<p>El due\u00f1o de <a href=\"http:\/\/www.futboltotal.com.mx\/equipos\/guadalajara\/\" target=\"_blank\"><strong>Chivas<\/strong><\/a>, <strong>Jorge Vergara<\/strong>, afirm\u00f3 que <strong>Alan Pulido<\/strong> volvi\u00f3 a la \u00f3rbita del Reba\u00f1o Sagrado, pero que para oficializar el fichaje, tienen un l\u00edmite de tiempo, por la cuesti\u00f3n de la adaptaci\u00f3n del delantero al equipo <em>rojiblanco<\/em>.<\/p>\n<p>&#8220;Hay una posibilidad, en eso estamos, el fichaje debe ser lo m\u00e1s pronto posible, porque necesitamos que entrene con nosotros&#8221;, se\u00f1al\u00f3 <strong>Jorge Vergara<\/strong> al <em>diario R\u00e9cord<\/em>, donde confirm\u00f3 que s\u00ed hay pl\u00e1ticas.<\/p>\n<p>El delantero del Olympiacos, era del inter\u00e9s de <strong>Chivas<\/strong> desde el verano pasado, por eso adquirieron la mitad de la carta del delantero, en negociaci\u00f3n con Tigres. El inter\u00e9s de ahora es similar, por la falta de delanteros en el equipo <em>rojiblanco<\/em>.<\/p>\n<p style=\"text-align: center;\"><span style=\"color: #3366ff;\"><a style=\"color: #3366ff;\" href=\"http:\/\/www.futboltotal.com.mx\/2016\/06\/futbol-estufa-rumbo-al-apertura-2016-altas-bajas-rumores\/\" target=\"_blank\"><strong>LEER M\u00c1S: Futbol de Estufa | Rumbo al Apertura 2016<\/strong><\/a><\/span><\/p>\n<p>Por otra parte, <strong>Jorge Vergara<\/strong> est\u00e1 fascinado con la nueva playera de <strong>Chivas<\/strong>, de la que promete, que es la mejor que se ha producido para el club, en los \u00faltimos a\u00f1os.<\/p>\n<p>&#8220;La vi con mis ojitos y est\u00e1 poca madre. Es la mejor playera que hemos hecho hasta ahorita&#8221;, concluy\u00f3 el directivo de Guadalajara.<\/p>\n","protected":false},"excerpt":{"rendered":"<p>Jorge Vergara afirma que se abri\u00f3 la posibilidad<\/p>\n","protected":false},"author":20,"featured_media":405742,"comment_status":"closed","ping_status":"closed","sticky":false,"template":"","format":"standard","meta":[],"categories":[2198,3845,5950],"tags":[1607,70,243],"_links":{"self":[{"href":"http:\/\/desarrollo.grupomedios.com\/futbol\/wp-json\/wp\/v2\/posts\/405739"}],"collection":[{"href":"http:\/\/desarrollo.grupomedios.com\/futbol\/wp-json\/wp\/v2\/posts"}],"about":[{"href":"http:\/\/desarrollo.grupomedios.com\/futbol\/wp-json\/wp\/v2\/types\/post"}],"author":[{"embeddable":true,"href":"http:\/\/desarrollo.grupomedios.com\/futbol\/wp-json\/wp\/v2\/users\/20"}],"replies":[{"embeddable":true,"href":"http:\/\/desarrollo.grupomedios.com\/futbol\/wp-json\/wp\/v2\/comments?post=405739"}],"version-history":[{"count":0,"href":"http:\/\/desarrollo.grupomedios.com\/futbol\/wp-json\/wp\/v2\/posts\/405739\/revisions"}],"wp:featuredmedia":[{"embeddable":true,"href":"http:\/\/desarrollo.grupomedios.com\/futbol\/wp-json\/wp\/v2\/media\/405742"}],"wp:attachment":[{"href":"http:\/\/desarrollo.grupomedios.com\/futbol\/wp-json\/wp\/v2\/media?parent=405739"}],"wp:term":[{"taxonomy":"category","embeddable":true,"href":"http:\/\/desarrollo.grupomedios.com\/futbol\/wp-json\/wp\/v2\/categories?post=405739"},{"taxonomy":"post_tag","embeddable":true,"href":"http:\/\/desarrollo.grupomedios.com\/futbol\/wp-json\/wp\/v2\/tags?post=405739"}],"curies":[{"name":"wp","href":"https:\/\/api.w.org\/{rel}","templated":true}]}}