{"id":405781,"date":"2016-06-22T23:40:03","date_gmt":"2016-06-23T05:40:03","guid":{"rendered":"http:\/\/www.futboltotal.com.mx\/?p=405781"},"modified":"2016-06-22T23:40:03","modified_gmt":"2016-06-23T05:40:03","slug":"el-adios-de-zlatan-ibrahimovic","status":"publish","type":"post","link":"http:\/\/desarrollo.grupomedios.com\/futbol\/futbol-internacional\/el-adios-de-zlatan-ibrahimovic\/2016\/06","title":{"rendered":"El adi\u00f3s de Zlatan Ibrahimovic"},"content":{"rendered":"<p>Tras 115 selecciones y 62 goles, el seleccionado sueco, <strong>Zlatan Ibrahimovic<\/strong>, jug\u00f3 esta noche su \u00faltimo partido con el equipo nacional de su pa\u00eds, eliminado por B\u00e9lgica de la Eurocopa, sin que el m\u00edtico atacante n\u00f3rdico marcara un solo gol.<\/p>\n<p><strong>Ibrahimovic<\/strong>, de 34 a\u00f1os, anunci\u00f3 en la v\u00edspera que este ser\u00eda su \u00faltimo juego si su selecci\u00f3n era eliminada, aunque expres\u00f3 su deseo de llegar m\u00e1s lejos en el campeonato.<\/p>\n<p style=\"text-align: center;\"><span style=\"color: #3366ff;\"><strong>LEER M\u00c1S: Definidos los Octavos de la Eurocopa 2016<\/strong><\/span><\/p>\n<p><a href=\"http:\/\/www.futboltotal.com.mx\/wp-content\/uploads\/2016\/06\/Zlatan-ibra.jpg\"><img decoding=\"async\" loading=\"lazy\" class=\"alignnone size-full wp-image-405787\" src=\"http:\/\/www.futboltotal.com.mx\/wp-content\/uploads\/2016\/06\/Zlatan-ibra.jpg\" alt=\"Zlatan-ibra\" srcset=\"http:\/\/desarrollo.grupomedios.com\/futbol\/wp-content\/uploads\/2016\/06\/Zlatan-ibra.jpg 858w, http:\/\/desarrollo.grupomedios.com\/futbol\/wp-content\/uploads\/2016\/06\/Zlatan-ibra-300x151.jpg 300w, http:\/\/desarrollo.grupomedios.com\/futbol\/wp-content\/uploads\/2016\/06\/Zlatan-ibra-768x386.jpg 768w, http:\/\/desarrollo.grupomedios.com\/futbol\/wp-content\/uploads\/2016\/06\/Zlatan-ibra-340x171.jpg 340w\" sizes=\"(max-width: 858px) 100vw, 858px\" \/><\/a><\/p>\n<p>\u201cMi \u00faltimo juego en esta competici\u00f3n ser\u00e1 mi \u00faltimo juego con Suecia (\u2026) \u00bfterminar con una decepci\u00f3n?, nunca \u201d declar\u00f3 Ibrahimovic la prensa antes del juego de su equipo frente a B\u00e9lgica, que se jug\u00f3 esta noche en el estadio Allianz de Niza, sur.<\/p>\n<p>Sin embargo la selecci\u00f3n sueca no pudo lograr esta noche una victoria, el \u00fanico resultado que le serv\u00eda para seguir adelante en el torneo, frente a B\u00e9lgica, segunda selecci\u00f3n del mundo en la clasificaci\u00f3n FIFA.<\/p>\n<p><a href=\"http:\/\/www.futboltotal.com.mx\/wp-content\/uploads\/2016\/06\/Ibra.jpg\"><img decoding=\"async\" loading=\"lazy\" class=\"alignnone size-full wp-image-405785\" src=\"http:\/\/www.futboltotal.com.mx\/wp-content\/uploads\/2016\/06\/Ibra.jpg\" alt=\"Ibra\" srcset=\"http:\/\/desarrollo.grupomedios.com\/futbol\/wp-content\/uploads\/2016\/06\/Ibra.jpg 858w, http:\/\/desarrollo.grupomedios.com\/futbol\/wp-content\/uploads\/2016\/06\/Ibra-300x151.jpg 300w, http:\/\/desarrollo.grupomedios.com\/futbol\/wp-content\/uploads\/2016\/06\/Ibra-768x386.jpg 768w, http:\/\/desarrollo.grupomedios.com\/futbol\/wp-content\/uploads\/2016\/06\/Ibra-340x171.jpg 340w\" sizes=\"(max-width: 858px) 100vw, 858px\" \/><\/a><\/p>\n<p>Ibrahimovic estuvo no obstante mucho m\u00e1s activo hoy que en los dos juegos previos de Suecia en el torneo aunque se fue de manos vac\u00edas, sin marcar ning\u00fan gol en la Eurocopa francesa.\u00a0El m\u00edtico atacante, que en los \u00faltimos a\u00f1os jug\u00f3 en el PSG de Par\u00eds, dispar\u00f3 con peligro en los minutos 25, 75 y 85 a la porter\u00eda del arquero belga Courtois.<\/p>\n<p>\u201cHoy estuvo m\u00e1s activo\u201d destac\u00f3 el exdelantero centro estrella de la selecci\u00f3n francesa y del Marsella, Jean-Pierre Papin.\u00a0\u201cHasta esta noche Zlatan fue insignificante para su equipo\u201d coment\u00f3 de su lado el diario L&#8217;Equipe sobre el desempe\u00f1o en el torneo del jugador del que muchos analistas consideran que su selecci\u00f3n era totalmente dependiente.<\/p>\n<p><a href=\"http:\/\/www.futboltotal.com.mx\/wp-content\/uploads\/2016\/06\/Zlat.jpg\"><img decoding=\"async\" loading=\"lazy\" class=\"alignnone size-full wp-image-405786\" src=\"http:\/\/www.futboltotal.com.mx\/wp-content\/uploads\/2016\/06\/Zlat.jpg\" alt=\"Zlat\" srcset=\"http:\/\/desarrollo.grupomedios.com\/futbol\/wp-content\/uploads\/2016\/06\/Zlat.jpg 858w, http:\/\/desarrollo.grupomedios.com\/futbol\/wp-content\/uploads\/2016\/06\/Zlat-300x151.jpg 300w, http:\/\/desarrollo.grupomedios.com\/futbol\/wp-content\/uploads\/2016\/06\/Zlat-768x386.jpg 768w, http:\/\/desarrollo.grupomedios.com\/futbol\/wp-content\/uploads\/2016\/06\/Zlat-340x171.jpg 340w\" sizes=\"(max-width: 858px) 100vw, 858px\" \/><\/a><\/p>\n<p>En la fase clasificatoria para la Eurocopa, Ibrahimovic marc\u00f3 11 de los 19 goles que clasificaron a Suecia para el torneo.\u00a0\u201cSe va un gran se\u00f1or del f\u00fatbol internacional\u201d coment\u00f3 por su parte la televisora deportiva <em>BeIN sports.\u00a0<\/em>Al terminar el juego esta noche en Niza, Zlatan salud\u00f3 a los numerosos seguidores suecos que hab\u00eda en el estadio de mientras aplaud\u00eda con el brazalete de capit\u00e1n en la mano.<\/p>\n<p>\u201cEstoy muy orgulloso de lo que he logrado. Llevar\u00e9 siempre la playera de Suecia conmigo\u201d afirm\u00f3 el jugador, una instituci\u00f3n en su pa\u00eds.<\/p>\n","protected":false},"excerpt":{"rendered":"<p>El crack se despide tras jugar su \u00faltimo partido con Suecia<\/p>\n","protected":false},"author":20,"featured_media":405788,"comment_status":"closed","ping_status":"closed","sticky":false,"template":"","format":"standard","meta":[],"categories":[6995,3839,6999,5951],"tags":[2236,6059],"_links":{"self":[{"href":"http:\/\/desarrollo.grupomedios.com\/futbol\/wp-json\/wp\/v2\/posts\/405781"}],"collection":[{"href":"http:\/\/desarrollo.grupomedios.com\/futbol\/wp-json\/wp\/v2\/posts"}],"about":[{"href":"http:\/\/desarrollo.grupomedios.com\/futbol\/wp-json\/wp\/v2\/types\/post"}],"author":[{"embeddable":true,"href":"http:\/\/desarrollo.grupomedios.com\/futbol\/wp-json\/wp\/v2\/users\/20"}],"replies":[{"embeddable":true,"href":"http:\/\/desarrollo.grupomedios.com\/futbol\/wp-json\/wp\/v2\/comments?post=405781"}],"version-history":[{"count":0,"href":"http:\/\/desarrollo.grupomedios.com\/futbol\/wp-json\/wp\/v2\/posts\/405781\/revisions"}],"wp:featuredmedia":[{"embeddable":true,"href":"http:\/\/desarrollo.grupomedios.com\/futbol\/wp-json\/wp\/v2\/media\/405788"}],"wp:attachment":[{"href":"http:\/\/desarrollo.grupomedios.com\/futbol\/wp-json\/wp\/v2\/media?parent=405781"}],"wp:term":[{"taxonomy":"category","embeddable":true,"href":"http:\/\/desarrollo.grupomedios.com\/futbol\/wp-json\/wp\/v2\/categories?post=405781"},{"taxonomy":"post_tag","embeddable":true,"href":"http:\/\/desarrollo.grupomedios.com\/futbol\/wp-json\/wp\/v2\/tags?post=405781"}],"curies":[{"name":"wp","href":"https:\/\/api.w.org\/{rel}","templated":true}]}}