{"id":405822,"date":"2016-06-23T03:32:29","date_gmt":"2016-06-23T09:32:29","guid":{"rendered":"http:\/\/www.futboltotal.com.mx\/?p=405822"},"modified":"2016-06-23T03:32:29","modified_gmt":"2016-06-23T09:32:29","slug":"la-misma-final-chile-va-bicampeonato","status":"publish","type":"post","link":"http:\/\/desarrollo.grupomedios.com\/futbol\/destacado-home\/la-misma-final-chile-va-bicampeonato\/2016\/06","title":{"rendered":"\u00a1La misma Final! Chile va por el bicampeonato"},"content":{"rendered":"<p><strong>Chile<\/strong> accedi\u00f3 a su segunda final consecutiva de la <a href=\"http:\/\/www.futboltotal.com.mx\/copa-america-2016\/\" target=\"_blank\"><strong>Copa Am\u00e9rica<\/strong><\/a>, en la que defender\u00e1 el t\u00edtulo ante Argentina, al derrotar a <strong>Colombia<\/strong> por 0-2 con un vendaval de juego en los primeros once minutos y en un partido que fue interrumpido m\u00e1s de dos horas debido a un temporal.<\/p>\n<p>Los andinos hicieron los dos tantos en un abrir y cerrar de ojos, por medio de Charles Ar\u00e1nguiz (7&#8242;) y Jos\u00e9 Pedro Fuenzalida (11&#8242;), y despu\u00e9s se dedicaron a amarrar el resultado ante uno <em>cafeteros<\/em> que no consiguieron reaccionar y que se quedaron con diez jugadores por la expulsi\u00f3n de Carlos S\u00e1nchez al comienzo de la segunda parte.<\/p>\n<p>El partido estuvo interrumpido cerca de dos horas y cuarto por un aguacero, que fue muy intenso en algunos momentos y que dej\u00f3 el c\u00e9sped encharcado, lo que afect\u00f3 el juego en la segunda mitad.<\/p>\n<p><a href=\"http:\/\/www.futboltotal.com.mx\/wp-content\/uploads\/2016\/06\/colombia-vs-chile-final-copa-america-1.jpg\"><img decoding=\"async\" loading=\"lazy\" class=\"alignnone size-full wp-image-405825\" src=\"http:\/\/www.futboltotal.com.mx\/wp-content\/uploads\/2016\/06\/colombia-vs-chile-final-copa-america-1.jpg\" alt=\"colombia-vs-chile-final-copa-america-1\" srcset=\"http:\/\/desarrollo.grupomedios.com\/futbol\/wp-content\/uploads\/2016\/06\/colombia-vs-chile-final-copa-america-1.jpg 858w, http:\/\/desarrollo.grupomedios.com\/futbol\/wp-content\/uploads\/2016\/06\/colombia-vs-chile-final-copa-america-1-300x151.jpg 300w, http:\/\/desarrollo.grupomedios.com\/futbol\/wp-content\/uploads\/2016\/06\/colombia-vs-chile-final-copa-america-1-768x386.jpg 768w, http:\/\/desarrollo.grupomedios.com\/futbol\/wp-content\/uploads\/2016\/06\/colombia-vs-chile-final-copa-america-1-340x171.jpg 340w\" sizes=\"(max-width: 858px) 100vw, 858px\" \/><\/a><\/p>\n<p>El campe\u00f3n de Am\u00e9rica no sinti\u00f3 la ausencia de Arturo Vidal y fue imparable en los primeros once minutos, tiempo en el que desarbol\u00f3 totalmente el andamiaje del equipo colombiano y abri\u00f3 una ventaja de dos anotaciones\u00a0que los pupilos de Jos\u00e9 Pekerman ya no podr\u00edan remontar.<\/p>\n<p><strong>Colombia<\/strong> hizo aguas por las dos bandas, donde se crecieron Alexis S\u00e1nchez y Fuenzalida -que cumpli\u00f3 funciones de extremo izquierdo- y ambos participaron de forma decisiva en las dos primeras dianas.<\/p>\n<p>En una internada de Fuenzalida a los seis minutos surgi\u00f3 el primer gol; el extremo centr\u00f3 al \u00e1rea y el colombiano Juan Guillermo Cuadrado, fallando en el despeje ante la presi\u00f3n de Alexis, cedi\u00f3 de cabeza a Ar\u00e1nguiz, que remat\u00f3 a bocajarro a gol.<\/p>\n<p>Tras la larga espera, los\u00a0<em>Cafeteros<\/em> intentaron acortar distancia, pero la realidad fue que todo estaba escrito,\u00a0<strong>Chile<\/strong> consigui\u00f3 su pase a la Final de la\u00a0<strong>Copa Am\u00e9rica<\/strong>, donde repetir\u00e1 el choque con Argentina como lo hicieran en 2015.<\/p>\n<p><iframe loading=\"lazy\" src=\"https:\/\/www.youtube.com\/embed\/1dCkw-YKEg4\" frameborder=\"0\" allowfullscreen=\"allowfullscreen\"><\/iframe><\/p>\n","protected":false},"excerpt":{"rendered":"<p>La Roja venci\u00f3 0-2 a Colombia y se medir\u00e1 con Argentina<\/p>\n","protected":false},"author":144,"featured_media":405824,"comment_status":"closed","ping_status":"closed","sticky":false,"template":"","format":"standard","meta":[],"categories":[6950,5,3839,6953],"tags":[406,2130],"_links":{"self":[{"href":"http:\/\/desarrollo.grupomedios.com\/futbol\/wp-json\/wp\/v2\/posts\/405822"}],"collection":[{"href":"http:\/\/desarrollo.grupomedios.com\/futbol\/wp-json\/wp\/v2\/posts"}],"about":[{"href":"http:\/\/desarrollo.grupomedios.com\/futbol\/wp-json\/wp\/v2\/types\/post"}],"author":[{"embeddable":true,"href":"http:\/\/desarrollo.grupomedios.com\/futbol\/wp-json\/wp\/v2\/users\/144"}],"replies":[{"embeddable":true,"href":"http:\/\/desarrollo.grupomedios.com\/futbol\/wp-json\/wp\/v2\/comments?post=405822"}],"version-history":[{"count":0,"href":"http:\/\/desarrollo.grupomedios.com\/futbol\/wp-json\/wp\/v2\/posts\/405822\/revisions"}],"wp:featuredmedia":[{"embeddable":true,"href":"http:\/\/desarrollo.grupomedios.com\/futbol\/wp-json\/wp\/v2\/media\/405824"}],"wp:attachment":[{"href":"http:\/\/desarrollo.grupomedios.com\/futbol\/wp-json\/wp\/v2\/media?parent=405822"}],"wp:term":[{"taxonomy":"category","embeddable":true,"href":"http:\/\/desarrollo.grupomedios.com\/futbol\/wp-json\/wp\/v2\/categories?post=405822"},{"taxonomy":"post_tag","embeddable":true,"href":"http:\/\/desarrollo.grupomedios.com\/futbol\/wp-json\/wp\/v2\/tags?post=405822"}],"curies":[{"name":"wp","href":"https:\/\/api.w.org\/{rel}","templated":true}]}}