{"id":405827,"date":"2016-06-23T12:51:11","date_gmt":"2016-06-23T18:51:11","guid":{"rendered":"http:\/\/www.futboltotal.com.mx\/?p=405827"},"modified":"2016-06-23T21:20:50","modified_gmt":"2016-06-24T03:20:50","slug":"antoine-griezmann-renueva-atletico-madrid","status":"publish","type":"post","link":"http:\/\/desarrollo.grupomedios.com\/futbol\/futbol-internacional\/antoine-griezmann-renueva-atletico-madrid\/2016\/06","title":{"rendered":"Antoine Griezmann renov\u00f3 contrato con el Atl\u00e9tico"},"content":{"rendered":"<p>El Atl\u00e9tico de Madrid ha anunciado que el delantero franc\u00e9s <strong>Antoine Griezmann<\/strong>, ha renovado su contrato hasta el a\u00f1o 2021. Con ello, as\u00ed terminan los rumores de una posible salida al PSG, que buscaba hacerse de su servicio.<\/p>\n<blockquote class=\"twitter-tweet\" data-lang=\"es\">\n<p dir=\"ltr\" lang=\"es\">. <a href=\"https:\/\/twitter.com\/AntoGriezmann\">@AntoGriezmann<\/a> renueva hasta 2021: <a href=\"https:\/\/t.co\/EnfYSQmyed\">https:\/\/t.co\/EnfYSQmyed<\/a> | <a href=\"https:\/\/twitter.com\/AntoGriezmann\">@AntoGriezmann<\/a> prolonge jusqu&#8217;en 2021 <a href=\"https:\/\/twitter.com\/hashtag\/Griezmann2021?src=hash\">#Griezmann2021<\/a><a href=\"https:\/\/t.co\/JCZ2KZAdnJ\">pic.twitter.com\/JCZ2KZAdnJ<\/a><\/p>\n<p>\u2014 Atl\u00e9tico de Madrid (@Atleti) <a href=\"https:\/\/twitter.com\/Atleti\/status\/745920314811555840\">23 de junio de 2016<\/a><\/p><\/blockquote>\n<p><script src=\"\/\/platform.twitter.com\/widgets.js\" async=\"\" charset=\"utf-8\"><\/script><\/p>\n<p><strong>Griezmann<\/strong> expres\u00f3 su felicidad en declaraciones a la p\u00e1gina web del conjunto <em>Colchonero<\/em>, en donde se mostr\u00f3 alegre por la renovaci\u00f3n. &#8220;Estoy muy contento, muy feliz de seguir en esta familia y en este proyecto. Cada a\u00f1o busco mejorar y el club, el t\u00e9cnico y mis compa\u00f1eros me lo permiten&#8221;.<\/p>\n<p>El delantero franc\u00e9s tambi\u00e9n habl\u00f3 sobre lo que espera tras la renovaci\u00f3n con el <strong>Atl\u00e9tico<\/strong> y donde buscar\u00e1 superar su actuaci\u00f3n de la temporada anterior, donde disput\u00f3 la Final de la Champions League. &#8220;A nivel personal mejorar en goles, minutos jugados, partidos jugados, asistencias&#8230; mi objetivo siempre es mejorar lo realizado la campa\u00f1a anterior. Y a nivel colectivo tambi\u00e9n buscamos hacerlo mejor que el a\u00f1o pasado&#8221;.<\/p>\n<p>Adem\u00e1s, <strong>Griezmann<\/strong> considero que la continuidad de los jugadores y el entrenador es la base principal para seguir con las grandes campa\u00f1as que han tenido.&#8221;Es b\u00e1sico seguir con los jugadores importantes, con el entrenador. Tenemos suerte de que el club quiere mejorar y estar en lo m\u00e1s alto y nos ayuda a seguir creciendo&#8221;, finaliz\u00f3.<\/p>\n","protected":false},"excerpt":{"rendered":"<p>El delantero franc\u00e9s jugar\u00e1 hasta el 2021 con el Atl\u00e9tico<\/p>\n","protected":false},"author":20,"featured_media":405829,"comment_status":"closed","ping_status":"closed","sticky":false,"template":"","format":"standard","meta":[],"categories":[3839,5951],"tags":[5191,6007,1143],"_links":{"self":[{"href":"http:\/\/desarrollo.grupomedios.com\/futbol\/wp-json\/wp\/v2\/posts\/405827"}],"collection":[{"href":"http:\/\/desarrollo.grupomedios.com\/futbol\/wp-json\/wp\/v2\/posts"}],"about":[{"href":"http:\/\/desarrollo.grupomedios.com\/futbol\/wp-json\/wp\/v2\/types\/post"}],"author":[{"embeddable":true,"href":"http:\/\/desarrollo.grupomedios.com\/futbol\/wp-json\/wp\/v2\/users\/20"}],"replies":[{"embeddable":true,"href":"http:\/\/desarrollo.grupomedios.com\/futbol\/wp-json\/wp\/v2\/comments?post=405827"}],"version-history":[{"count":0,"href":"http:\/\/desarrollo.grupomedios.com\/futbol\/wp-json\/wp\/v2\/posts\/405827\/revisions"}],"wp:featuredmedia":[{"embeddable":true,"href":"http:\/\/desarrollo.grupomedios.com\/futbol\/wp-json\/wp\/v2\/media\/405829"}],"wp:attachment":[{"href":"http:\/\/desarrollo.grupomedios.com\/futbol\/wp-json\/wp\/v2\/media?parent=405827"}],"wp:term":[{"taxonomy":"category","embeddable":true,"href":"http:\/\/desarrollo.grupomedios.com\/futbol\/wp-json\/wp\/v2\/categories?post=405827"},{"taxonomy":"post_tag","embeddable":true,"href":"http:\/\/desarrollo.grupomedios.com\/futbol\/wp-json\/wp\/v2\/tags?post=405827"}],"curies":[{"name":"wp","href":"https:\/\/api.w.org\/{rel}","templated":true}]}}