{"id":405835,"date":"2016-06-23T13:20:45","date_gmt":"2016-06-23T19:20:45","guid":{"rendered":"http:\/\/www.futboltotal.com.mx\/?p=405835"},"modified":"2016-06-23T21:22:34","modified_gmt":"2016-06-24T03:22:34","slug":"las-polemicas-rotaciones-de-osorio","status":"publish","type":"post","link":"http:\/\/desarrollo.grupomedios.com\/futbol\/futbol-mexicano\/las-polemicas-rotaciones-de-osorio\/2016\/06","title":{"rendered":"Las pol\u00e9micas rotaciones de Osorio"},"content":{"rendered":"<p>El colombiano <strong>Juan Carlos Osorio<\/strong> <a href=\"http:\/\/www.futboltotal.com.mx\/2016\/06\/ratifican-a-juan-carlos-osorio-dt-mexico\/\">fue ratificado este jueves como director t\u00e9cnico de la Selecci\u00f3n Mexicana<\/a>. El estratega tendr\u00e1 libertad para convocar jugadores sin ninguna restricci\u00f3n y, por su puesto, mantendr\u00e1 la facultad para volver a probarlos en nuevas posiciones. En <strong>Futbol Total<\/strong> te presentamos las modificaciones m\u00e1s controvertidas que ha realizado el timonel. Elige la que menos te gust\u00f3 y la que el estratega no deber\u00eda volver a repetir.<\/p>\n<p style=\"text-align: center;\"><strong><span style=\"color: #3366ff;\">LEER M\u00c1S: Cosas que debe cambiar Juan Carlos Osorio<\/span><\/strong><br \/>\n<script src=\"\/\/cdn.playbuzz.com\/widget\/feed.js\" type=\"text\/javascript\"><\/script><\/p>\n<div class=\"pb_feed\" data-embed-by=\"d43f3879-83ed-40bc-99d7-fde80605466f\" data-game=\"\/futboltotal\/las-pol-micas-rotaciones-de-osorio\" data-recommend=\"false\" data-game-info=\"false\"><\/div>\n","protected":false},"excerpt":{"rendered":"<p>Vota por la modificaci\u00f3n t\u00e1ctica que no debe repetir el estratega del Tricolor<\/p>\n","protected":false},"author":20,"featured_media":405884,"comment_status":"closed","ping_status":"closed","sticky":false,"template":"","format":"standard","meta":[],"categories":[2198,3847,5950],"tags":[5979],"_links":{"self":[{"href":"http:\/\/desarrollo.grupomedios.com\/futbol\/wp-json\/wp\/v2\/posts\/405835"}],"collection":[{"href":"http:\/\/desarrollo.grupomedios.com\/futbol\/wp-json\/wp\/v2\/posts"}],"about":[{"href":"http:\/\/desarrollo.grupomedios.com\/futbol\/wp-json\/wp\/v2\/types\/post"}],"author":[{"embeddable":true,"href":"http:\/\/desarrollo.grupomedios.com\/futbol\/wp-json\/wp\/v2\/users\/20"}],"replies":[{"embeddable":true,"href":"http:\/\/desarrollo.grupomedios.com\/futbol\/wp-json\/wp\/v2\/comments?post=405835"}],"version-history":[{"count":0,"href":"http:\/\/desarrollo.grupomedios.com\/futbol\/wp-json\/wp\/v2\/posts\/405835\/revisions"}],"wp:featuredmedia":[{"embeddable":true,"href":"http:\/\/desarrollo.grupomedios.com\/futbol\/wp-json\/wp\/v2\/media\/405884"}],"wp:attachment":[{"href":"http:\/\/desarrollo.grupomedios.com\/futbol\/wp-json\/wp\/v2\/media?parent=405835"}],"wp:term":[{"taxonomy":"category","embeddable":true,"href":"http:\/\/desarrollo.grupomedios.com\/futbol\/wp-json\/wp\/v2\/categories?post=405835"},{"taxonomy":"post_tag","embeddable":true,"href":"http:\/\/desarrollo.grupomedios.com\/futbol\/wp-json\/wp\/v2\/tags?post=405835"}],"curies":[{"name":"wp","href":"https:\/\/api.w.org\/{rel}","templated":true}]}}