{"id":405853,"date":"2016-06-23T13:22:45","date_gmt":"2016-06-23T19:22:45","guid":{"rendered":"http:\/\/www.futboltotal.com.mx\/?p=405853"},"modified":"2016-06-23T18:09:42","modified_gmt":"2016-06-24T00:09:42","slug":"ratifican-a-juan-carlos-osorio-dt-mexico","status":"publish","type":"post","link":"http:\/\/desarrollo.grupomedios.com\/futbol\/destacado-home\/ratifican-a-juan-carlos-osorio-dt-mexico\/2016\/06","title":{"rendered":"\u00a1Osorio, se queda en el TRI!"},"content":{"rendered":"<p>Con un estilo evasivo y en una conferencia de prensa que no tuvo declaraciones categ\u00f3ricas ni contundentes, Guillermo Cant\u00fa, secretario general de la Federaci\u00f3n Mexicana de Futbol, anunci\u00f3 que el colombiano <strong>Juan Carlos Osorio<\/strong> seguir\u00e1 al frente de la <a href=\"http:\/\/www.futboltotal.com.mx\/futbol-mexicano\/seleccion-mexicana\/\" target=\"_blank\"><strong>Selecci\u00f3n Mexicana<\/strong><\/a>.<\/p>\n<p>\u201cFue un fracaso\u201d, admiti\u00f3 Cant\u00fa sobre la <a href=\"http:\/\/www.futboltotal.com.mx\/2016\/06\/resultado-copa-america-mexico-0-7-chile\/\">estrepitosa eliminaci\u00f3n del <em>Tri<\/em>\u00a0de la Copa Am\u00e9rica Centenario<\/a>. Y\u00a0r\u00e1pidamente sentenci\u00f3:\u00a0\u201cno vamos a cortar todo de tajo, esa ser\u00eda la soluci\u00f3n m\u00e1s sencilla. <strong>Vamos a continuar con el proceso<\/strong> que comenzamos el pasado mes de octubre\u201d.<\/p>\n<blockquote class=\"twitter-tweet\" data-lang=\"es\">\n<p dir=\"ltr\" lang=\"es\">&#8220;Estas derrotas te ayudan a ver mejor la realidad. El resultado de esta Copa Am\u00e9rica fue un fracaso&#8221;: Guillermo Cant\u00fa<\/p>\n<p>\u2014 Selecci\u00f3n Nacional (@miseleccionmx) <a href=\"https:\/\/twitter.com\/miseleccionmx\/status\/746026821070651392\">23 de junio de 2016<\/a><\/p><\/blockquote>\n<p><script src=\"\/\/platform.twitter.com\/widgets.js\" async=\"\" charset=\"utf-8\"><\/script><\/p>\n<p>Durante su encuentro con la prensa, Guillermo Cant\u00fa nombr\u00f3 pocas veces a <strong>Juan Carlos Osorio<\/strong>, quien por cierto no compareci\u00f3.<\/p>\n<p>El anuncio qued\u00f3 como responsabilidad del secretario general, quien\u00a0neg\u00f3 que para darle continuidad a <strong>Osorio<\/strong> se le hayan impuesto condiciones. \u201cNo vendr\u00e1 nadie de fuera a integrarse al cuerpo t\u00e9cnico ni se tirar\u00e1n a la basura cosas muy buenas de su m\u00e9todo de trabajo, porque las hemos vivido a diario y desde dentro\u201d.<\/p>\n<p style=\"text-align: center;\"><span style=\"color: #3366ff;\"><strong><a style=\"color: #3366ff;\" href=\"http:\/\/www.futboltotal.com.mx\/2016\/06\/juan-carlos-osorio-podra-terminar-proceso-la-seleccion-mexicana-rumbo-a-rusia-2018\/\">LEER M\u00c1S: \u00bfOsorio llegar\u00e1 a Rusia con el TRI?<\/a><\/strong><\/span><\/p>\n<p>Tampoco se le pedir\u00e1 que deje de lado su sistema de rotaciones. \u201cSon necesarias, de eso estoy convencido&#8221;, sentenci\u00f3\u00a0Cant\u00fa.<\/p>\n<p>Cuando se le pregunt\u00f3 si la renuncia de <strong>Juan Carlos Osorio<\/strong> estuvo sobre la mesa, el directivo\u00a0no dijo ni s\u00ed ni no, solo dio a entender que fue una posibilidad latente dentro \u201cde las largas horas de trabajo y de calurosas discusiones\u201d que sostuvieron con el colombiano.<\/p>\n<p><a href=\"http:\/\/www.futboltotal.com.mx\/2016\/06\/ratifican-a-juan-carlos-osorio-dt-mexico\/osorio-mexico-dt-sigue-reacciones\/\" rel=\"attachment wp-att-405875\"><img decoding=\"async\" loading=\"lazy\" class=\"aligncenter size-full wp-image-405875\" src=\"http:\/\/www.futboltotal.com.mx\/wp-content\/uploads\/2016\/06\/osorio-mexico-DT-sigue-reacciones.jpg\" alt=\"osorio-mexico-DT-sigue-reacciones\" srcset=\"http:\/\/desarrollo.grupomedios.com\/futbol\/wp-content\/uploads\/2016\/06\/osorio-mexico-DT-sigue-reacciones.jpg 858w, http:\/\/desarrollo.grupomedios.com\/futbol\/wp-content\/uploads\/2016\/06\/osorio-mexico-DT-sigue-reacciones-249x300.jpg 249w, http:\/\/desarrollo.grupomedios.com\/futbol\/wp-content\/uploads\/2016\/06\/osorio-mexico-DT-sigue-reacciones-768x925.jpg 768w, http:\/\/desarrollo.grupomedios.com\/futbol\/wp-content\/uploads\/2016\/06\/osorio-mexico-DT-sigue-reacciones-851x1024.jpg 851w\" sizes=\"(max-width: 858px) 100vw, 858px\" \/><\/a><\/p>\n<p>Cant\u00fa apenas dej\u00f3 saber que <strong>Osorio<\/strong> tambi\u00e9n hizo sus peticiones,\u00a0que resultaron \u201cmuy accesibles dentro del marco deportivo\u201d. Lo que pidi\u00f3 el colombiano fue facilitar la disponibilidad de jugadores de la liga local y del futbol extranjero.<\/p>\n<p>En ese contexto, se expuso que en lo sucesivo, los jugadores que sean convocados a la selecci\u00f3n mexicana deben cambiar de actitud y no poner condiciones para reportarse con el <em>Tri<\/em>. Eso s\u00ed, cuando se le plantearon las negativas que han dado Carlos Vela y Giovani dos Santos, el secretario general evadi\u00f3 diciendo que \u201cpor ahora no vale la pena hablar de casos espec\u00edficos\u201d.<\/p>\n<p><span style=\"color: #ff0000;\"><strong>VIDEO<\/strong>: Los 10 peores cobros a lo Panenka<\/span><\/p>\n<p>[video_player]https:\/\/player.vimeo.com\/external\/171433638.sd.mp4?s=78404ffed0660d7b888d883dca6a4754abbef8df&amp;profile_id=165[\/video_player]<\/p>\n","protected":false},"excerpt":{"rendered":"<p>&#8220;El tema de la rotaci\u00f3n para m\u00ed es inevitable\u201d: Guillermo Cant\u00fa<\/p>\n","protected":false},"author":126,"featured_media":405854,"comment_status":"closed","ping_status":"closed","sticky":false,"template":"","format":"standard","meta":[],"categories":[5,2198,3847],"tags":[6196,5979],"_links":{"self":[{"href":"http:\/\/desarrollo.grupomedios.com\/futbol\/wp-json\/wp\/v2\/posts\/405853"}],"collection":[{"href":"http:\/\/desarrollo.grupomedios.com\/futbol\/wp-json\/wp\/v2\/posts"}],"about":[{"href":"http:\/\/desarrollo.grupomedios.com\/futbol\/wp-json\/wp\/v2\/types\/post"}],"author":[{"embeddable":true,"href":"http:\/\/desarrollo.grupomedios.com\/futbol\/wp-json\/wp\/v2\/users\/126"}],"replies":[{"embeddable":true,"href":"http:\/\/desarrollo.grupomedios.com\/futbol\/wp-json\/wp\/v2\/comments?post=405853"}],"version-history":[{"count":0,"href":"http:\/\/desarrollo.grupomedios.com\/futbol\/wp-json\/wp\/v2\/posts\/405853\/revisions"}],"wp:featuredmedia":[{"embeddable":true,"href":"http:\/\/desarrollo.grupomedios.com\/futbol\/wp-json\/wp\/v2\/media\/405854"}],"wp:attachment":[{"href":"http:\/\/desarrollo.grupomedios.com\/futbol\/wp-json\/wp\/v2\/media?parent=405853"}],"wp:term":[{"taxonomy":"category","embeddable":true,"href":"http:\/\/desarrollo.grupomedios.com\/futbol\/wp-json\/wp\/v2\/categories?post=405853"},{"taxonomy":"post_tag","embeddable":true,"href":"http:\/\/desarrollo.grupomedios.com\/futbol\/wp-json\/wp\/v2\/tags?post=405853"}],"curies":[{"name":"wp","href":"https:\/\/api.w.org\/{rel}","templated":true}]}}