{"id":405860,"date":"2016-06-23T13:21:49","date_gmt":"2016-06-23T19:21:49","guid":{"rendered":"http:\/\/www.futboltotal.com.mx\/?p=405860"},"modified":"2016-06-23T17:41:16","modified_gmt":"2016-06-23T23:41:16","slug":"cosas-debe-cambiar-juan-carlos-osorio","status":"publish","type":"post","link":"http:\/\/desarrollo.grupomedios.com\/futbol\/destacado-home\/cosas-debe-cambiar-juan-carlos-osorio\/2016\/06","title":{"rendered":"Cosas que debe cambiar Juan Carlos Osorio"},"content":{"rendered":"<p>A pesar de tener s\u00f3lo una derrota en su Era, la continuidad de <strong>Juan Carlos Osorio<\/strong> como t\u00e9cnico de la <a href=\"http:\/\/www.futboltotal.com.mx\/futbol-mexicano\/seleccion-mexicana\/\" target=\"_blank\"><strong>Selecci\u00f3n Mexicana<\/strong><\/a> fue tema de conversaci\u00f3n, sin embargo, <a href=\"http:\/\/www.futboltotal.com.mx\/2016\/06\/ratifican-a-juan-carlos-osorio-dt-mexico\/\" target=\"_blank\">la FMF lo ratific\u00f3 en el cargo<\/a>; aunque\u00a0es una realidad que el estratega deber\u00e1 modificar algunas cosas para evitar que se fracase en los compromisos futuros.<\/p>\n<p><span style=\"color: #800000;\"><strong>Rotaci\u00f3n<\/strong><\/span> | Si bien es su sello, qued\u00f3 claro que se trata de una f\u00f3rmula que s\u00f3lo funciona en un club, pues ah\u00ed tiene el tiempo y partidos suficientes para conseguir los frutos que desea, mientras que un representativo nacional, afecta debido al limitado margen en el que se desempe\u00f1a.<\/p>\n<blockquote class=\"twitter-tweet\" data-lang=\"es\">\n<p dir=\"ltr\" lang=\"es\">&#8220;Estas derrotas te ayudan a ver mejor la realidad. El resultado de esta Copa Am\u00e9rica fue un fracaso&#8221;: Guillermo Cant\u00fa<\/p>\n<p>\u2014 Selecci\u00f3n Nacional (@miseleccionmx) <a href=\"https:\/\/twitter.com\/miseleccionmx\/status\/746026821070651392\">23 de junio de 2016<\/a><\/p><\/blockquote>\n<p><script src=\"\/\/platform.twitter.com\/widgets.js\" async=\"\" charset=\"utf-8\"><\/script><\/p>\n<p><span style=\"color: #800000;\"><strong>Sin condiciones<\/strong><\/span> | Los jugadores que militan en Europa tienden a exigir actividad o incluso a presentarse m\u00e1s tarde de lo esperado, situaci\u00f3n que deber\u00e1 erradicar <strong>Juan Carlos Osorio<\/strong> para contar con equipo completo desde el inicio de la preparaci\u00f3n.<\/p>\n<p><span style=\"color: #800000;\"><strong>S\u00f3lo importantes<\/strong><\/span> | Una de las primera pol\u00e9micas del entrenador colombiano\u00a0fue la convocatoria de C\u00e1ndido Ram\u00edrez, volante que no ten\u00eda actividad en Monterrey, panorama que persiste en la trayectoria del futbolista hasta el momento; por ello, el timonel debe llamar \u00fanicamente a los elementos que sean fundamentales en sus respectivas escuadras.<\/p>\n<p><a href=\"http:\/\/www.futboltotal.com.mx\/wp-content\/uploads\/2016\/06\/juan-carlos-osorio-seleccion-mexicana-noticias-1-2.jpg\"><img decoding=\"async\" loading=\"lazy\" class=\"alignnone size-full wp-image-405862\" src=\"http:\/\/www.futboltotal.com.mx\/wp-content\/uploads\/2016\/06\/juan-carlos-osorio-seleccion-mexicana-noticias-1-2.jpg\" alt=\"juan-carlos-osorio-seleccion-mexicana-noticias-1\" srcset=\"http:\/\/desarrollo.grupomedios.com\/futbol\/wp-content\/uploads\/2016\/06\/juan-carlos-osorio-seleccion-mexicana-noticias-1-2.jpg 858w, http:\/\/desarrollo.grupomedios.com\/futbol\/wp-content\/uploads\/2016\/06\/juan-carlos-osorio-seleccion-mexicana-noticias-1-2-300x151.jpg 300w, http:\/\/desarrollo.grupomedios.com\/futbol\/wp-content\/uploads\/2016\/06\/juan-carlos-osorio-seleccion-mexicana-noticias-1-2-768x386.jpg 768w, http:\/\/desarrollo.grupomedios.com\/futbol\/wp-content\/uploads\/2016\/06\/juan-carlos-osorio-seleccion-mexicana-noticias-1-2-340x171.jpg 340w\" sizes=\"(max-width: 858px) 100vw, 858px\" \/><\/a><\/p>\n<p><span style=\"color: #800000;\"><strong>Donde funcionan<\/strong><\/span> | Otra de las distinciones del <em>cafetero<\/em> es s\u00f3lo poner a los jugadores en su perfil natural, lo cual da como resultado la convocatoria del mismo C\u00e1ndido, as\u00ed como Yasser Corona (quien regresaba de una lesi\u00f3n), situaci\u00f3n que desestabiliza al grupo y en otros casos,\u00a0no aprovecha todo el potencial\u00a0de algunos jugadores.<\/p>\n<p><strong><span style=\"color: #800000;\">M\u00e1s color<\/span><\/strong> | <strong>Juan Carlos Osorio<\/strong> se limita a usar pluma de tinta roja y negra, siendo que&#8230; hay m\u00e1s colores.<\/p>\n<p><span style=\"color: #ff0000;\"><strong>VIDEO<\/strong>: Los 10 peores cobros a lo Panenka<\/span><\/p>\n<p>[video_player]https:\/\/player.vimeo.com\/external\/171433638.sd.mp4?s=78404ffed0660d7b888d883dca6a4754abbef8df&amp;profile_id=165[\/video_player]<\/p>\n","protected":false},"excerpt":{"rendered":"<p>Estos son los temas que debe modificar el DT del Tri <\/p>\n","protected":false},"author":20,"featured_media":405863,"comment_status":"closed","ping_status":"closed","sticky":false,"template":"","format":"standard","meta":[],"categories":[5,2198,3847],"tags":[6196,5979],"_links":{"self":[{"href":"http:\/\/desarrollo.grupomedios.com\/futbol\/wp-json\/wp\/v2\/posts\/405860"}],"collection":[{"href":"http:\/\/desarrollo.grupomedios.com\/futbol\/wp-json\/wp\/v2\/posts"}],"about":[{"href":"http:\/\/desarrollo.grupomedios.com\/futbol\/wp-json\/wp\/v2\/types\/post"}],"author":[{"embeddable":true,"href":"http:\/\/desarrollo.grupomedios.com\/futbol\/wp-json\/wp\/v2\/users\/20"}],"replies":[{"embeddable":true,"href":"http:\/\/desarrollo.grupomedios.com\/futbol\/wp-json\/wp\/v2\/comments?post=405860"}],"version-history":[{"count":0,"href":"http:\/\/desarrollo.grupomedios.com\/futbol\/wp-json\/wp\/v2\/posts\/405860\/revisions"}],"wp:featuredmedia":[{"embeddable":true,"href":"http:\/\/desarrollo.grupomedios.com\/futbol\/wp-json\/wp\/v2\/media\/405863"}],"wp:attachment":[{"href":"http:\/\/desarrollo.grupomedios.com\/futbol\/wp-json\/wp\/v2\/media?parent=405860"}],"wp:term":[{"taxonomy":"category","embeddable":true,"href":"http:\/\/desarrollo.grupomedios.com\/futbol\/wp-json\/wp\/v2\/categories?post=405860"},{"taxonomy":"post_tag","embeddable":true,"href":"http:\/\/desarrollo.grupomedios.com\/futbol\/wp-json\/wp\/v2\/tags?post=405860"}],"curies":[{"name":"wp","href":"https:\/\/api.w.org\/{rel}","templated":true}]}}