{"id":405912,"date":"2016-06-23T20:05:26","date_gmt":"2016-06-24T02:05:26","guid":{"rendered":"http:\/\/www.futboltotal.com.mx\/?p=405912"},"modified":"2016-06-23T23:06:36","modified_gmt":"2016-06-24T05:06:36","slug":"rafael-sobis-sale-tigres","status":"publish","type":"post","link":"http:\/\/desarrollo.grupomedios.com\/futbol\/futbol-mexicano\/rafael-sobis-sale-tigres\/2016\/06","title":{"rendered":"Rafael Sobis sale de Tigres"},"content":{"rendered":"<p><strong>Rafael Sobis<\/strong>\u00a0no ser\u00e1 m\u00e1s jugador de\u00a0los\u00a0<a href=\"http:\/\/www.futboltotal.com.mx\/equipos\/tigres\/\"><strong>Tigres<\/strong> de la UANL<\/a>. Este jueves por la ma\u00f1ana, la directiva <em>felina<\/em> reconoci\u00f3 que hab\u00eda alcanzado un acuerdo con el Cruzeiro, club que present\u00f3 una oferta formal por el delantero brasile\u00f1o, quien lleg\u00f3 a la Liga MX en el Clausura 2015.<\/p>\n<p>Por la tarde, se\u00a0concret\u00f3 el\u00a0traspaso del jugador al cuadro brasile\u00f1o. Y ante ello, <strong>Sobis<\/strong> se despidi\u00f3 del plantel universitario, con quien\u00a0hacia pretemporada.<\/p>\n<blockquote class=\"twitter-tweet\" data-lang=\"es\">\n<p dir=\"ltr\" lang=\"es\">&#8211;<a href=\"https:\/\/twitter.com\/rafaelsobis\">@rafaelsobis<\/a> se despide de cada uno de los integrantes de <a href=\"https:\/\/twitter.com\/TigresOficial\">@TigresOficial<\/a> en la Riviera Maya. <a href=\"https:\/\/twitter.com\/hashtag\/BuenaSuerteSobis?src=hash\">#BuenaSuerteSobis<\/a> <a href=\"https:\/\/t.co\/dUtmzxKQhc\">pic.twitter.com\/dUtmzxKQhc<\/a><\/p>\n<p>\u2014 CLUB TIGRES OFICIAL (@TigresOficial) <a href=\"https:\/\/twitter.com\/TigresOficial\/status\/746108836193284096\">23 de junio de 2016<\/a><\/p><\/blockquote>\n<p><script src=\"\/\/platform.twitter.com\/widgets.js\" async=\"\" charset=\"utf-8\"><\/script><\/p>\n<p>\u201cDe club a club, ya estamos arreglados. Sobre <strong>Sobis<\/strong> estamos avanzando, porque ya hay un acuerdo entre clubes, ahora nada m\u00e1s falta que \u00e9l tenga un acuerdo con Cruzeiro, y hasta ese momento se puede perfeccionar.<\/p>\n<p>\u201cHasta que <strong>Sobis<\/strong> llegue a un acuerdo con ellos (se har\u00e1 oficial). Esto es de tres partes, s\u00ed <strong>Sobis<\/strong> no llega a un acuerdo con Cruzeiro, \u00e9l est\u00e1 en <strong>Tigres<\/strong>\u201d, declar\u00f3 el dirigente.<\/p>\n<p style=\"text-align: center;\"><strong><a style=\"color: #3366ff;\" href=\"http:\/\/www.futboltotal.com.mx\/2016\/06\/liga-mx-da-a-conocer-calendario-del-apertura-2016\/\">LEER M\u00c1S: OFICIAL: Calendario del Apertura 2016<\/a><\/strong><\/p>\n<p>Sobre el contrato entre <strong>Rafael Sobis<\/strong> y Cruzeiro, se apunta que el acuerdo fue por\u00a0tres a\u00f1os y que ganar\u00e1 85 por ciento m\u00e1s que el sueldo que percib\u00eda en <strong>Tigres<\/strong>.<\/p>\n","protected":false},"excerpt":{"rendered":"<p>El delantero brasile\u00f1o lleg\u00f3 a un acuerdo con el Cruzeiro<\/p>\n","protected":false},"author":20,"featured_media":405923,"comment_status":"closed","ping_status":"closed","sticky":false,"template":"","format":"standard","meta":[],"categories":[2198,3845,5950],"tags":[7144,5973],"_links":{"self":[{"href":"http:\/\/desarrollo.grupomedios.com\/futbol\/wp-json\/wp\/v2\/posts\/405912"}],"collection":[{"href":"http:\/\/desarrollo.grupomedios.com\/futbol\/wp-json\/wp\/v2\/posts"}],"about":[{"href":"http:\/\/desarrollo.grupomedios.com\/futbol\/wp-json\/wp\/v2\/types\/post"}],"author":[{"embeddable":true,"href":"http:\/\/desarrollo.grupomedios.com\/futbol\/wp-json\/wp\/v2\/users\/20"}],"replies":[{"embeddable":true,"href":"http:\/\/desarrollo.grupomedios.com\/futbol\/wp-json\/wp\/v2\/comments?post=405912"}],"version-history":[{"count":0,"href":"http:\/\/desarrollo.grupomedios.com\/futbol\/wp-json\/wp\/v2\/posts\/405912\/revisions"}],"wp:featuredmedia":[{"embeddable":true,"href":"http:\/\/desarrollo.grupomedios.com\/futbol\/wp-json\/wp\/v2\/media\/405923"}],"wp:attachment":[{"href":"http:\/\/desarrollo.grupomedios.com\/futbol\/wp-json\/wp\/v2\/media?parent=405912"}],"wp:term":[{"taxonomy":"category","embeddable":true,"href":"http:\/\/desarrollo.grupomedios.com\/futbol\/wp-json\/wp\/v2\/categories?post=405912"},{"taxonomy":"post_tag","embeddable":true,"href":"http:\/\/desarrollo.grupomedios.com\/futbol\/wp-json\/wp\/v2\/tags?post=405912"}],"curies":[{"name":"wp","href":"https:\/\/api.w.org\/{rel}","templated":true}]}}