{"id":405939,"date":"2016-06-23T20:52:49","date_gmt":"2016-06-24T02:52:49","guid":{"rendered":"http:\/\/www.futboltotal.com.mx\/?p=405939"},"modified":"2016-06-23T20:52:49","modified_gmt":"2016-06-24T02:52:49","slug":"peruano-llega-al-veracruz-bajo-amenaza","status":"publish","type":"post","link":"http:\/\/desarrollo.grupomedios.com\/futbol\/futbol-mexicano\/peruano-llega-al-veracruz-bajo-amenaza\/2016\/06","title":{"rendered":"Peruano llega al Veracruz bajo amenaza"},"content":{"rendered":"<p>En d\u00edas anteriores, <a href=\"http:\/\/futboltotal.com.mx\/equipos\/veracruz\/\" target=\"_blank\"><strong>Veracruz<\/strong><\/a> anunci\u00f3 al portero <strong>Pedro Gallese<\/strong> como refuerzo y si bien el jugador ya viaja con destino al Puerto, la pol\u00e9mica lo rodea, despu\u00e9s que el presidente de la Federaci\u00f3n de Futbol de Per\u00fa, Edwin Oviedo, lo amenaz\u00f3 para firmar contrato con los <em>Tiburones Rojos<\/em>.<\/p>\n<p>La controversia comenz\u00f3 porque el arquero ya estaba apalabrado con\u00a0<a href=\"http:\/\/futboltotal.com.mx\/equipos\/tigres\/\" target=\"_blank\"><strong>Tigres<\/strong><\/a> en diciembre, toda vez que acabara con su contrato en Juan Aurich, pero el club sudamericano cedi\u00f3 sus derechos deportivos a los <em>Escualos<\/em>, a pesar de no contar con la aprobaci\u00f3n del propio cancerbero.<\/p>\n<blockquote class=\"twitter-tweet\" data-lang=\"es\">\n<p dir=\"ltr\" lang=\"es\">Comunicado oficial Club Tiburones Rojos. <a href=\"https:\/\/t.co\/UrRYcac4Ez\">pic.twitter.com\/UrRYcac4Ez<\/a><\/p>\n<p>\u2014 Tiburones Rojos (@ClubTiburones) <a href=\"https:\/\/twitter.com\/ClubTiburones\/status\/746056204061810689\">23 de junio de 2016<\/a><\/p><\/blockquote>\n<p><script src=\"\/\/platform.twitter.com\/widgets.js\" async=\"\" charset=\"utf-8\"><\/script><\/p>\n<p>Ante la negativa inicial de <strong>Pedro Gallegos<\/strong> por aceptar la oferta del <strong>Veracruz<\/strong>, el mandam\u00e1s del balompi\u00e9 peruano le advirti\u00f3 que de no irse, no volver\u00eda a una convocatoria de su selecci\u00f3n, seg\u00fan inform\u00f3 el portal <em>Trome.pe<\/em>.<\/p>\n<p>Ante dicho panorama, <strong>Tigres<\/strong> analiza la postura que tomar\u00e1, pues de pelear el caso, el futbolista incurrir\u00e1 en doble contrato, condici\u00f3n que pena la FIFA.<\/p>\n<p>De momento, <strong>Pedro Gallese<\/strong> est\u00e1 en camino para unirse a la escuadra que ahora dirige Pablo Marini y que tendr\u00e1 como prioridad salir de la zona del descenso.<\/p>\n<p><span style=\"color: #ff0000;\"><strong>VIDEO<\/strong>: Los 10 peores cobros a lo Panenka<\/span><\/p>\n<p>[video_player]https:\/\/player.vimeo.com\/external\/171433638.sd.mp4?s=78404ffed0660d7b888d883dca6a4754abbef8df&amp;profile_id=165[\/video_player]<\/p>\n","protected":false},"excerpt":{"rendered":"<p>Pedro Gallese desat\u00f3 la pol\u00e9mica por doble contrato<\/p>\n","protected":false},"author":20,"featured_media":405940,"comment_status":"closed","ping_status":"closed","sticky":false,"template":"","format":"standard","meta":[],"categories":[2198,3845],"tags":[5973,6049],"_links":{"self":[{"href":"http:\/\/desarrollo.grupomedios.com\/futbol\/wp-json\/wp\/v2\/posts\/405939"}],"collection":[{"href":"http:\/\/desarrollo.grupomedios.com\/futbol\/wp-json\/wp\/v2\/posts"}],"about":[{"href":"http:\/\/desarrollo.grupomedios.com\/futbol\/wp-json\/wp\/v2\/types\/post"}],"author":[{"embeddable":true,"href":"http:\/\/desarrollo.grupomedios.com\/futbol\/wp-json\/wp\/v2\/users\/20"}],"replies":[{"embeddable":true,"href":"http:\/\/desarrollo.grupomedios.com\/futbol\/wp-json\/wp\/v2\/comments?post=405939"}],"version-history":[{"count":0,"href":"http:\/\/desarrollo.grupomedios.com\/futbol\/wp-json\/wp\/v2\/posts\/405939\/revisions"}],"wp:featuredmedia":[{"embeddable":true,"href":"http:\/\/desarrollo.grupomedios.com\/futbol\/wp-json\/wp\/v2\/media\/405940"}],"wp:attachment":[{"href":"http:\/\/desarrollo.grupomedios.com\/futbol\/wp-json\/wp\/v2\/media?parent=405939"}],"wp:term":[{"taxonomy":"category","embeddable":true,"href":"http:\/\/desarrollo.grupomedios.com\/futbol\/wp-json\/wp\/v2\/categories?post=405939"},{"taxonomy":"post_tag","embeddable":true,"href":"http:\/\/desarrollo.grupomedios.com\/futbol\/wp-json\/wp\/v2\/tags?post=405939"}],"curies":[{"name":"wp","href":"https:\/\/api.w.org\/{rel}","templated":true}]}}