{"id":405944,"date":"2016-06-23T21:08:58","date_gmt":"2016-06-24T03:08:58","guid":{"rendered":"http:\/\/www.futboltotal.com.mx\/?p=405944"},"modified":"2016-06-23T21:08:58","modified_gmt":"2016-06-24T03:08:58","slug":"gareth-bale-dice-fue-a-jugar-la-euro-ganarla","status":"publish","type":"post","link":"http:\/\/desarrollo.grupomedios.com\/futbol\/futbol-internacional\/gareth-bale-dice-fue-a-jugar-la-euro-ganarla\/2016\/06","title":{"rendered":"Para Bale, solo hay una raz\u00f3n por jugar la Eurocopa&#8230;"},"content":{"rendered":"<p>Lens (Francia), 23 jun (EFE).- <strong>Gareth Bale<\/strong>, futbolista de <strong>Gales<\/strong>, se mostr\u00f3 este jueves ambicioso respecto a las opciones de su selecci\u00f3n, y declar\u00f3 que a la Eurocopa hay que ir a ganar el torneo y no &#8220;a jugar tres partidos&#8221; y ser eliminados.<\/p>\n<p>Despu\u00e9s de pasar la fase de grupos de manera brillante con una victoria final sobre Rusia por 0-3, el jugador del Real Madrid opin\u00f3 sobre las opciones de su selecci\u00f3n de hacer un buen papel en lo que resta de torneo.<\/p>\n<p>&#8220;Aqu\u00ed (a la Eurocopa) se viene a ganar el torneo, no a jugar tres partidos e irte para casa. El objetivo final es ganar, pero cada partido es tan importante como el \u00faltimo&#8221;, afirm\u00f3 en rueda de prensa.<\/p>\n<p><strong>Bale<\/strong>, sin embargo, indic\u00f3 que su equipo, &#8220;aunque parezca un clich\u00e9&#8221;, tiene que ir &#8220;partido a partido&#8221; y afirm\u00f3 que a <strong>Gales<\/strong> le encantar\u00eda ganar a Irlanda del Norte para llegar a los cuartos de final de la competici\u00f3n.<\/p>\n<p>&#8220;No podemos pensar en un segundo m\u00e1s all\u00e1 hasta el pitido final del \u00e1rbitro. Sabemos mucho m\u00e1s sobre Irlanda del Norte que Turqu\u00eda. Estamos contentos, es un partido dif\u00edcil, pero creemos que podemos ganar&#8221;, explic\u00f3.<\/p>\n<p>&#8220;Todo se ha hecho meticulosamente, no podr\u00edamos estar m\u00e1s felices. Estamos disfrutando del torneo, todo ha sido preparado para nosotros. S\u00f3lo tenemos llevar a cabo todo nuestro trabajo&#8221;, agreg\u00f3.<\/p>\n<p>Tambi\u00e9n dej\u00f3 una frase para Inglaterra, que al final, pese a que gan\u00f3 2-1 a <strong>Gales<\/strong> en la fase de grupos, qued\u00f3 por debajo en la clasificaci\u00f3n. &#8220;Siempre es bonito quedar por encima de Inglaterra&#8221;, se\u00f1al\u00f3.<\/p>\n<p>Cuestionado por el trabajo que hace su compa\u00f1ero Joe Allen, Bale alab\u00f3 a un jugador al que quiso agradecer la labor que hace sobre el c\u00e9sped: &#8220;Ha sido incre\u00edble. No puedo decir lo suficiente de \u00e9l. \u00c9l hace el trabajo sucio que desapercibido. Sabemos lo importante que es, le apreciamos mucho. No saldr\u00e1 en los titulares de prensa, pero es un jugador incre\u00edble&#8221;, indic\u00f3.<\/p>\n<p>Por \u00faltimo, habl\u00f3 sobre un documental de la generaci\u00f3n de 1958 de <strong>Gales<\/strong> que lleg\u00f3 a los cuartos de final del Mundial de Suecia que vieron el mismo d\u00eda del partido ante Rusia.<\/p>\n<p>&#8220;Fue muy interesante y quieres empujar a la naci\u00f3n hacia adelante, no s\u00f3lo por nosotros, sino para dar a nuestro pa\u00eds m\u00e1s de una oportunidad para salir y jugar al f\u00fatbol. Eso har\u00e1 que nuestra selecci\u00f3n est\u00e9 m\u00e1s fuerte en el futuro&#8221;, explic\u00f3.<\/p>\n<p>&#8220;No hay nada mejor que estar en un gran campeonato con tu pa\u00eds, no hay nada mejor. El grupo es incre\u00edble y nadie esperaba una haza\u00f1a as\u00ed&#8221;, finaliz\u00f3. EFE<\/p>\n","protected":false},"excerpt":{"rendered":"<p>El gal\u00e9s se mostr\u00f3 ansioso por sobresalir en la Euro<\/p>\n","protected":false},"author":20,"featured_media":405950,"comment_status":"closed","ping_status":"closed","sticky":false,"template":"","format":"standard","meta":[],"categories":[6995,3839,6999,5951],"tags":[1899,6043],"_links":{"self":[{"href":"http:\/\/desarrollo.grupomedios.com\/futbol\/wp-json\/wp\/v2\/posts\/405944"}],"collection":[{"href":"http:\/\/desarrollo.grupomedios.com\/futbol\/wp-json\/wp\/v2\/posts"}],"about":[{"href":"http:\/\/desarrollo.grupomedios.com\/futbol\/wp-json\/wp\/v2\/types\/post"}],"author":[{"embeddable":true,"href":"http:\/\/desarrollo.grupomedios.com\/futbol\/wp-json\/wp\/v2\/users\/20"}],"replies":[{"embeddable":true,"href":"http:\/\/desarrollo.grupomedios.com\/futbol\/wp-json\/wp\/v2\/comments?post=405944"}],"version-history":[{"count":0,"href":"http:\/\/desarrollo.grupomedios.com\/futbol\/wp-json\/wp\/v2\/posts\/405944\/revisions"}],"wp:featuredmedia":[{"embeddable":true,"href":"http:\/\/desarrollo.grupomedios.com\/futbol\/wp-json\/wp\/v2\/media\/405950"}],"wp:attachment":[{"href":"http:\/\/desarrollo.grupomedios.com\/futbol\/wp-json\/wp\/v2\/media?parent=405944"}],"wp:term":[{"taxonomy":"category","embeddable":true,"href":"http:\/\/desarrollo.grupomedios.com\/futbol\/wp-json\/wp\/v2\/categories?post=405944"},{"taxonomy":"post_tag","embeddable":true,"href":"http:\/\/desarrollo.grupomedios.com\/futbol\/wp-json\/wp\/v2\/tags?post=405944"}],"curies":[{"name":"wp","href":"https:\/\/api.w.org\/{rel}","templated":true}]}}