{"id":405978,"date":"2016-06-23T22:08:39","date_gmt":"2016-06-24T04:08:39","guid":{"rendered":"http:\/\/www.futboltotal.com.mx\/?p=405978"},"modified":"2016-06-23T22:08:39","modified_gmt":"2016-06-24T04:08:39","slug":"11-ideal-la-fase-grupos-la-euro-2016","status":"publish","type":"post","link":"http:\/\/desarrollo.grupomedios.com\/futbol\/destacado-home\/11-ideal-la-fase-grupos-la-euro-2016\/2016\/06","title":{"rendered":"11 ideal de la Fase de Grupos de la Euro 2016"},"content":{"rendered":"<p>Tras concluir la Fase de Grupos de la <strong>Euro 2016<\/strong>, nos dimos a la tarea de elegir a los mejores 11 jugadores que participaron en esta fase, donde jugadores de las potencias como Alemania, Espa\u00f1a y Francia aparecieron, pero tambi\u00e9n hubo algunas otras sorpresas de otras selecciones.<\/p>\n<p>La porter\u00eda esta ocasi\u00f3n no le toca a Manuel Neuer como es costumbre, pero s\u00ed a un debutante como el norirland\u00e9s Michael McGovern. Adem\u00e1s de \u00e9l, los croatas Darijo Srna e Iv\u00e1n Perisic tambi\u00e9n se unieron al 11 de gala que hicimos en<strong> Futbol Total<\/strong> gracias a su gran primera fase, donde quedaron como l\u00edderes del Grupo D, por encima de Espa\u00f1a.<\/p>\n<p>Este es nuestro <strong>11 ideal<\/strong>, \u00bfconsideras que falt\u00f3 alguno, crack?<\/p>\n<p style=\"text-align: center;\"><span style=\"color: #3366ff;\">LEER M\u00c1S:\u00a0<a style=\"color: #3366ff;\" href=\"http:\/\/www.futboltotal.com.mx\/2016\/06\/las-sorpresas-la-euro-2016-sera-caballo-negro\/\">Las sorpresas de la Euro 2016\u2026\u00bfqui\u00e9n ser\u00e1 el \u201ccaballo negro\u201d?<\/a><\/span><\/p>\n<p style=\"text-align: left;\"><img decoding=\"async\" loading=\"lazy\" class=\"alignnone size-full wp-image-405985\" src=\"http:\/\/www.futboltotal.com.mx\/wp-content\/uploads\/2016\/06\/11-ideal-eurocopa-2016-ok.jpg\" alt=\"11-ideal-eurocopa-2016-ok\" srcset=\"http:\/\/desarrollo.grupomedios.com\/futbol\/wp-content\/uploads\/2016\/06\/11-ideal-eurocopa-2016-ok.jpg 858w, http:\/\/desarrollo.grupomedios.com\/futbol\/wp-content\/uploads\/2016\/06\/11-ideal-eurocopa-2016-ok-207x300.jpg 207w, http:\/\/desarrollo.grupomedios.com\/futbol\/wp-content\/uploads\/2016\/06\/11-ideal-eurocopa-2016-ok-768x1114.jpg 768w, http:\/\/desarrollo.grupomedios.com\/futbol\/wp-content\/uploads\/2016\/06\/11-ideal-eurocopa-2016-ok-706x1024.jpg 706w\" sizes=\"(max-width: 858px) 100vw, 858px\" \/><\/p>\n<p>&nbsp;<\/p>\n","protected":false},"excerpt":{"rendered":"<p>Los mejores jugadores de la Fase de Grupos de la Euro<\/p>\n","protected":false},"author":20,"featured_media":405277,"comment_status":"closed","ping_status":"closed","sticky":false,"template":"","format":"standard","meta":[],"categories":[7061,5,6995,3839,6999],"tags":[6052,6152],"_links":{"self":[{"href":"http:\/\/desarrollo.grupomedios.com\/futbol\/wp-json\/wp\/v2\/posts\/405978"}],"collection":[{"href":"http:\/\/desarrollo.grupomedios.com\/futbol\/wp-json\/wp\/v2\/posts"}],"about":[{"href":"http:\/\/desarrollo.grupomedios.com\/futbol\/wp-json\/wp\/v2\/types\/post"}],"author":[{"embeddable":true,"href":"http:\/\/desarrollo.grupomedios.com\/futbol\/wp-json\/wp\/v2\/users\/20"}],"replies":[{"embeddable":true,"href":"http:\/\/desarrollo.grupomedios.com\/futbol\/wp-json\/wp\/v2\/comments?post=405978"}],"version-history":[{"count":0,"href":"http:\/\/desarrollo.grupomedios.com\/futbol\/wp-json\/wp\/v2\/posts\/405978\/revisions"}],"wp:featuredmedia":[{"embeddable":true,"href":"http:\/\/desarrollo.grupomedios.com\/futbol\/wp-json\/wp\/v2\/media\/405277"}],"wp:attachment":[{"href":"http:\/\/desarrollo.grupomedios.com\/futbol\/wp-json\/wp\/v2\/media?parent=405978"}],"wp:term":[{"taxonomy":"category","embeddable":true,"href":"http:\/\/desarrollo.grupomedios.com\/futbol\/wp-json\/wp\/v2\/categories?post=405978"},{"taxonomy":"post_tag","embeddable":true,"href":"http:\/\/desarrollo.grupomedios.com\/futbol\/wp-json\/wp\/v2\/tags?post=405978"}],"curies":[{"name":"wp","href":"https:\/\/api.w.org\/{rel}","templated":true}]}}