{"id":406078,"date":"2016-06-24T16:30:02","date_gmt":"2016-06-24T22:30:02","guid":{"rendered":"http:\/\/www.futboltotal.com.mx\/?p=406078"},"modified":"2016-06-24T16:30:02","modified_gmt":"2016-06-24T22:30:02","slug":"rafael-acosta-nuevo-jugador-del-veracruz","status":"publish","type":"post","link":"http:\/\/desarrollo.grupomedios.com\/futbol\/futbol-mexicano\/rafael-acosta-nuevo-jugador-del-veracruz\/2016\/06","title":{"rendered":"Rafael Acosta, nuevo jugador del Veracruz"},"content":{"rendered":"<p>El centrocampista uruguayo <strong>Rafael Acosta<\/strong>\u00a0lleg\u00f3 a un acuerdo con <a href=\"http:\/\/futboltotal.com.mx\/equipos\/veracruz\/\" target=\"_blank\"><strong>Veracruz<\/strong><\/a>, equipo con el que jugar\u00e1 el torneo Apertura 2016 que empezar\u00e1 el pr\u00f3ximo 15 de julio.<\/p>\n<p>El presidente de los <em>Tiburones Rojos<\/em>, Fidel Kuri, confirm\u00f3 la llegada del jugador, procedente del Bohemians Praha 1905 de la primera divisi\u00f3n en la Rep\u00fablica Checa, club\u00a0con el que milit\u00f3 desde el 2015, y con el que particip\u00f3 en 25 partidos con seis goles.<\/p>\n<blockquote class=\"twitter-tweet\" data-lang=\"es\">\n<p dir=\"ltr\" lang=\"es\">El uruguayo Rafael Acosta defender\u00e1 la playera de <a href=\"https:\/\/twitter.com\/ClubTiburones\">@ClubTiburones<\/a> <a href=\"https:\/\/twitter.com\/hashtag\/Nac%C3%ADTibur%C3%B3n?src=hash\">#Nac\u00edTibur\u00f3n<\/a><br \/>\nNOTA:<a href=\"https:\/\/t.co\/5QUqsj4MOJ\">https:\/\/t.co\/5QUqsj4MOJ<\/a> <a href=\"https:\/\/t.co\/1IMTk1nWKq\">pic.twitter.com\/1IMTk1nWKq<\/a><\/p>\n<p>\u2014 Tiburones Rojos (@ClubTiburones) <a href=\"https:\/\/twitter.com\/ClubTiburones\/status\/746156921682432000\">24 de junio de 2016<\/a><\/p><\/blockquote>\n<p><script src=\"\/\/platform.twitter.com\/widgets.js\" async=\"\" charset=\"utf-8\"><\/script><\/p>\n<p><strong>Rafael<\/strong> <strong>Acosta<\/strong>, de 25 a\u00f1os, se form\u00f3 en las categor\u00edas inferiores del Pe\u00f1arol en su pa\u00eds, pero salt\u00f3 al futbol profesional con el Atl\u00e9tico Ituzaing\u00f3 de 2009 a 2011, para despu\u00e9s pasar al Deportivo Maldonado de 2011 a 2012, y de ah\u00ed al Atl\u00e9tico Atenas de San Carlos de 2013 a 2015.<\/p>\n<p>Para el Apertura, <strong>Veracruz<\/strong> arrancar\u00e1 en el decimoquinto lugar de la tabla de cocientes que decidir\u00e1 el descenso en mayo del 2017; eso obligar\u00e1 al cuadro a mostrar un buen rendimiento en la temporada.<\/p>\n<blockquote class=\"twitter-tweet\" data-lang=\"es\"><p>\nLleg\u00f3 Mat\u00edas Cahais a Veracruz. \u00a1Bienvenido a tu casa! <a href=\"https:\/\/twitter.com\/hashtag\/Nac%C3%ADTibur%C3%B3n?src=hash\">#Nac\u00edTibur\u00f3n<\/a> \u26bd\ufe0f <a href=\"https:\/\/t.co\/eCryCec4vt\">pic.twitter.com\/eCryCec4vt<\/a><\/p>\n<p>\u2014 Tiburones Rojos (@ClubTiburones) <a href=\"https:\/\/twitter.com\/ClubTiburones\/status\/746193212474163202\">24 de junio de 2016<\/a>\n<\/p><\/blockquote>\n<p><script src=\"\/\/platform.twitter.com\/widgets.js\" async=\"\" charset=\"utf-8\"><\/script><\/p>\n<p><strong>Veracruz<\/strong> regres\u00f3 a su campamento en el Puerto para la parte final de la pretemporada en la que esperan afilar la forma deportiva para el 10 de julio buscar el t\u00edtulo de la S\u00faper Copa MX ante las Chivas.<\/p>\n<p>El vencedor asegurar\u00e1 un boleto para la Copa Libertadores del 2017 lo cual mantiene a los dos cuadros enfocados en la preparaci\u00f3n para buscar la victoria.<\/p>\n<p><span style=\"color: #ff0000;\"><strong>VIDEO<\/strong>: Los 10 peores cobros a lo Panenka<\/span><br \/>\n[video_player]https:\/\/player.vimeo.com\/external\/171433638.sd.mp4?s=78404ffed0660d7b888d883dca6a4754abbef8df&amp;profile_id=165[\/video_player]<\/p>\n","protected":false},"excerpt":{"rendered":"<p>El mediocampista uruguayo se uni\u00f3 a los Tiburones Rojos <\/p>\n","protected":false},"author":144,"featured_media":406079,"comment_status":"closed","ping_status":"closed","sticky":false,"template":"","format":"standard","meta":[],"categories":[2198,3845,5950],"tags":[6049],"_links":{"self":[{"href":"http:\/\/desarrollo.grupomedios.com\/futbol\/wp-json\/wp\/v2\/posts\/406078"}],"collection":[{"href":"http:\/\/desarrollo.grupomedios.com\/futbol\/wp-json\/wp\/v2\/posts"}],"about":[{"href":"http:\/\/desarrollo.grupomedios.com\/futbol\/wp-json\/wp\/v2\/types\/post"}],"author":[{"embeddable":true,"href":"http:\/\/desarrollo.grupomedios.com\/futbol\/wp-json\/wp\/v2\/users\/144"}],"replies":[{"embeddable":true,"href":"http:\/\/desarrollo.grupomedios.com\/futbol\/wp-json\/wp\/v2\/comments?post=406078"}],"version-history":[{"count":0,"href":"http:\/\/desarrollo.grupomedios.com\/futbol\/wp-json\/wp\/v2\/posts\/406078\/revisions"}],"wp:featuredmedia":[{"embeddable":true,"href":"http:\/\/desarrollo.grupomedios.com\/futbol\/wp-json\/wp\/v2\/media\/406079"}],"wp:attachment":[{"href":"http:\/\/desarrollo.grupomedios.com\/futbol\/wp-json\/wp\/v2\/media?parent=406078"}],"wp:term":[{"taxonomy":"category","embeddable":true,"href":"http:\/\/desarrollo.grupomedios.com\/futbol\/wp-json\/wp\/v2\/categories?post=406078"},{"taxonomy":"post_tag","embeddable":true,"href":"http:\/\/desarrollo.grupomedios.com\/futbol\/wp-json\/wp\/v2\/tags?post=406078"}],"curies":[{"name":"wp","href":"https:\/\/api.w.org\/{rel}","templated":true}]}}