{"id":406089,"date":"2016-06-24T16:54:55","date_gmt":"2016-06-24T22:54:55","guid":{"rendered":"http:\/\/www.futboltotal.com.mx\/?p=406089"},"modified":"2016-06-24T16:54:55","modified_gmt":"2016-06-24T22:54:55","slug":"gignac-dedica-mensaje-a-rafael-sobis","status":"publish","type":"post","link":"http:\/\/desarrollo.grupomedios.com\/futbol\/futbol-mexicano\/gignac-dedica-mensaje-a-rafael-sobis\/2016\/06","title":{"rendered":"Gignac dedica mensaje a Rafael S\u00f3bis"},"content":{"rendered":"<p>A pesar de ser un consentido de la afici\u00f3n,<strong> Rafael S\u00f3bis<\/strong> no seguir\u00e1 con <a href=\"http:\/\/futboltotal.com.mx\/equipos\/tigres\/\" target=\"_blank\"><strong>Tigres<\/strong><\/a>, pues <a href=\"http:\/\/www.futboltotal.com.mx\/2016\/06\/rafael-sobis-sale-tigres\/\" target=\"_blank\">se marchar\u00e1 al Cruzeiro<\/a>, noticia que provoc\u00f3 nostalgia entre los seguidores regios e incluso en el mismo delantero <strong>Andr\u00e9-Pierre Gignac<\/strong>, quien no dud\u00f3 en despedirse de su compa\u00f1ero.<\/p>\n<p>Debido a su compromiso con Francia en la Eurocopa, el ariete galo se vio en la necesidad de usar <em>Twitter<\/em> como medio para mandarle un mensaje al <em>carioca<\/em>, al que le desea suerte en su nueva etapa.<\/p>\n<blockquote class=\"twitter-tweet\" data-lang=\"es\">\n<p dir=\"ltr\" lang=\"es\">Gracias por todo mi <a href=\"https:\/\/twitter.com\/rafaelsobis\">@rafaelsobis<\/a> de oro Suerte con tu nuevo club Nos vemos pronto Te quiero loco <a href=\"https:\/\/twitter.com\/TigresOficial\">@TigresOficial<\/a> <a href=\"https:\/\/t.co\/rv87O2tmid\">pic.twitter.com\/rv87O2tmid<\/a><\/p>\n<p>\u2014 Gignac Andre-pierre (@10APG) <a href=\"https:\/\/twitter.com\/10APG\/status\/746363315119587328\">24 de junio de 2016<\/a><\/p><\/blockquote>\n<p><script src=\"\/\/platform.twitter.com\/widgets.js\" async=\"\" charset=\"utf-8\"><\/script><\/p>\n<p><strong>Rafael S\u00f3bis<\/strong> lleg\u00f3 a <strong>Tigres<\/strong> en 2015 y aunque su cuota goleadora no fue la m\u00e1s alta, su mayor m\u00e9rito fue ser un comandante del ataque y su rol como asistidor, el cual se tradujo en anotaciones que firm\u00f3 el propio <strong>Gignac<\/strong>.<\/p>\n<p><span style=\"color: #ff0000;\"><strong>VIDEO<\/strong>: Los 10 peores cobros a lo Panenka<\/span><br \/>\n[video_player]https:\/\/player.vimeo.com\/external\/171433638.sd.mp4?s=78404ffed0660d7b888d883dca6a4754abbef8df&amp;profile_id=165[\/video_player]<\/p>\n","protected":false},"excerpt":{"rendered":"<p>El franc\u00e9s no dej\u00f3 de despedirse del brasile\u00f1o <\/p>\n","protected":false},"author":20,"featured_media":406091,"comment_status":"closed","ping_status":"closed","sticky":false,"template":"","format":"standard","meta":[],"categories":[2198,3845,5950],"tags":[5564,5973],"_links":{"self":[{"href":"http:\/\/desarrollo.grupomedios.com\/futbol\/wp-json\/wp\/v2\/posts\/406089"}],"collection":[{"href":"http:\/\/desarrollo.grupomedios.com\/futbol\/wp-json\/wp\/v2\/posts"}],"about":[{"href":"http:\/\/desarrollo.grupomedios.com\/futbol\/wp-json\/wp\/v2\/types\/post"}],"author":[{"embeddable":true,"href":"http:\/\/desarrollo.grupomedios.com\/futbol\/wp-json\/wp\/v2\/users\/20"}],"replies":[{"embeddable":true,"href":"http:\/\/desarrollo.grupomedios.com\/futbol\/wp-json\/wp\/v2\/comments?post=406089"}],"version-history":[{"count":0,"href":"http:\/\/desarrollo.grupomedios.com\/futbol\/wp-json\/wp\/v2\/posts\/406089\/revisions"}],"wp:featuredmedia":[{"embeddable":true,"href":"http:\/\/desarrollo.grupomedios.com\/futbol\/wp-json\/wp\/v2\/media\/406091"}],"wp:attachment":[{"href":"http:\/\/desarrollo.grupomedios.com\/futbol\/wp-json\/wp\/v2\/media?parent=406089"}],"wp:term":[{"taxonomy":"category","embeddable":true,"href":"http:\/\/desarrollo.grupomedios.com\/futbol\/wp-json\/wp\/v2\/categories?post=406089"},{"taxonomy":"post_tag","embeddable":true,"href":"http:\/\/desarrollo.grupomedios.com\/futbol\/wp-json\/wp\/v2\/tags?post=406089"}],"curies":[{"name":"wp","href":"https:\/\/api.w.org\/{rel}","templated":true}]}}