{"id":406100,"date":"2016-06-24T17:34:58","date_gmt":"2016-06-24T23:34:58","guid":{"rendered":"http:\/\/www.futboltotal.com.mx\/?p=406100"},"modified":"2016-06-24T17:34:58","modified_gmt":"2016-06-24T23:34:58","slug":"criticar-llenen-estadio-joffre-guerron","status":"publish","type":"post","link":"http:\/\/desarrollo.grupomedios.com\/futbol\/futbol-mexicano\/criticar-llenen-estadio-joffre-guerron\/2016\/06","title":{"rendered":"Antes de criticar, llenen el estadio: Joffr\u00e9 Guerr\u00f3n"},"content":{"rendered":"<p><a href=\"http:\/\/futboltotal.com.mx\/equipos\/cruz-azul\/\" target=\"_blank\"><strong>Cruz Azul<\/strong><\/a>\u00a0se ausent\u00f3\u00a0cuatro Liguillas consecutivas, situaci\u00f3n que s\u00f3lo da amarguras a la afici\u00f3n que ve de cerca 19 a\u00f1os sin un t\u00edtulo de la Liga MX y por lo cual le recriminan al club a cada rato, sin embargo, el ecuatoriano <strong>Joffr\u00e9 Guerr\u00f3n<\/strong> subray\u00f3 que antes de criticar, primero los seguidores de la <em>M\u00e1quina<\/em> deben cumplir con llenar el estadio cada 15 d\u00edas.<\/p>\n<p>&#8220;Cuando se llenen el Estadio Azul hablamos de los resultados del equipo, tiene que llenarse, no s\u00f3lo depende de jugadores y directiva, todos tenemos que ser un solo pu\u00f1o. Esperamos que nos apoyen, no s\u00f3lo es cr\u00edtica, hay que criticar, pero yendo a apoyar al estadio&#8221;, consider\u00f3 el delantero ante medios de comunicaci\u00f3n.<\/p>\n<blockquote class=\"twitter-tweet\" data-lang=\"es\">\n<p dir=\"ltr\" lang=\"es\">Concluye partido <a href=\"https:\/\/twitter.com\/Cruz_Azul_FC\">@Cruz_Azul_FC<\/a> vs Tampico Madero, marcador a favor de los celestes  <a href=\"https:\/\/twitter.com\/hashtag\/AzulEsTodo?src=hash\">#AzulEsTodo<\/a> <a href=\"https:\/\/t.co\/xAFgSpLVSg\">pic.twitter.com\/xAFgSpLVSg<\/a><\/p>\n<p>\u2014 CRUZ AZUL FC \u00ae (@Cruz_Azul_FC) <a href=\"https:\/\/twitter.com\/Cruz_Azul_FC\/status\/745708569039937536\">22 de junio de 2016<\/a><\/p><\/blockquote>\n<p><script src=\"\/\/platform.twitter.com\/widgets.js\" async=\"\" charset=\"utf-8\"><\/script><\/p>\n<p>Previo al Clausura 2016, <strong>Joffr\u00e9 Guerr\u00f3n<\/strong> arrib\u00f3 al<strong> Cruz Azul<\/strong> como una de las contrataciones m\u00e1s prometedoras, no obstante, su rendimiento estuvo lejos de cumplir las expectativas, pues si bien se adjudic\u00f3 siete goles en la Copa MX, en la liga \u00fanicamente mand\u00f3 una vez la pelota al fondo de la red en 15 encuentros.<\/p>\n<p>Con dichos n\u00fameros, los fan\u00e1ticos <em>cementeros<\/em> abuchearon en m\u00e1s de una ocasi\u00f3n el trabajo del sudamericano, lo cual provoc\u00f3 un corto circuito entre ambas partes, situaci\u00f3n que deber\u00e1 remendar el jugador en el Apertura 2016.<\/p>\n<p><span style=\"color: #ff0000;\"><strong>VIDEO<\/strong>: Los 10 peores cobros a lo Panenka<\/span><br \/>\n[video_player]https:\/\/player.vimeo.com\/external\/171433638.sd.mp4?s=78404ffed0660d7b888d883dca6a4754abbef8df&amp;profile_id=165[\/video_player]<\/p>\n","protected":false},"excerpt":{"rendered":"<p>El ecuatoriano pidi\u00f3 m\u00e1s apoyo a la afici\u00f3n del Cruz Azul <\/p>\n","protected":false},"author":20,"featured_media":406101,"comment_status":"closed","ping_status":"closed","sticky":false,"template":"","format":"standard","meta":[],"categories":[2198,3845,5950],"tags":[5962],"_links":{"self":[{"href":"http:\/\/desarrollo.grupomedios.com\/futbol\/wp-json\/wp\/v2\/posts\/406100"}],"collection":[{"href":"http:\/\/desarrollo.grupomedios.com\/futbol\/wp-json\/wp\/v2\/posts"}],"about":[{"href":"http:\/\/desarrollo.grupomedios.com\/futbol\/wp-json\/wp\/v2\/types\/post"}],"author":[{"embeddable":true,"href":"http:\/\/desarrollo.grupomedios.com\/futbol\/wp-json\/wp\/v2\/users\/20"}],"replies":[{"embeddable":true,"href":"http:\/\/desarrollo.grupomedios.com\/futbol\/wp-json\/wp\/v2\/comments?post=406100"}],"version-history":[{"count":0,"href":"http:\/\/desarrollo.grupomedios.com\/futbol\/wp-json\/wp\/v2\/posts\/406100\/revisions"}],"wp:featuredmedia":[{"embeddable":true,"href":"http:\/\/desarrollo.grupomedios.com\/futbol\/wp-json\/wp\/v2\/media\/406101"}],"wp:attachment":[{"href":"http:\/\/desarrollo.grupomedios.com\/futbol\/wp-json\/wp\/v2\/media?parent=406100"}],"wp:term":[{"taxonomy":"category","embeddable":true,"href":"http:\/\/desarrollo.grupomedios.com\/futbol\/wp-json\/wp\/v2\/categories?post=406100"},{"taxonomy":"post_tag","embeddable":true,"href":"http:\/\/desarrollo.grupomedios.com\/futbol\/wp-json\/wp\/v2\/tags?post=406100"}],"curies":[{"name":"wp","href":"https:\/\/api.w.org\/{rel}","templated":true}]}}