{"id":406133,"date":"2016-06-24T16:55:44","date_gmt":"2016-06-24T22:55:44","guid":{"rendered":"http:\/\/www.futboltotal.com.mx\/?p=406133"},"modified":"2016-06-24T16:55:44","modified_gmt":"2016-06-24T22:55:44","slug":"doble-bomba-tigres-iria-valbuena-doumbia","status":"publish","type":"post","link":"http:\/\/desarrollo.grupomedios.com\/futbol\/futbol-mexicano\/doble-bomba-tigres-iria-valbuena-doumbia\/2016\/06","title":{"rendered":"\u00a1Doble bomba! Tigres ir\u00eda por Valbuena y Doumbia"},"content":{"rendered":"<p>Gracias a la regla 10-8 que elimina el l\u00edmite de no nacidos en M\u00e9xico en un equipo, <a href=\"http:\/\/futboltotal.com.mx\/equipos\/tigres\/\" target=\"_blank\"><strong>Tigres<\/strong><\/a> le sac\u00f3 provecho y no para de adquirir a jugadores extranjeros promesa, sin embargo, en esta ocasi\u00f3n tendr\u00eda en la mira a dos elementos m\u00e1s que consolidados en Europa, se trata del franc\u00e9s <strong>Mathieu Valbuena<\/strong> y el marfile\u00f1o\u00a0<strong>Seydou Doumbia<\/strong>.<\/p>\n<p>De acuerdo a una publicaci\u00f3n de <em>Multimedios<\/em>, el representante del ex seleccionado <em>galo<\/em> ya se encuentra en negociaciones con la UANL. Por su parte, el mediocampista de 31 a\u00f1os ya comenz\u00f3 a seguir al club regio en <em>Instagram<\/em>, \u201ccoqueteo\u201d que tambi\u00e9n hiciera en su momento el propio Andr\u00e9 Pierre Gignac.<\/p>\n<blockquote class=\"twitter-video\" data-lang=\"es\">\n<p dir=\"ltr\" lang=\"es\">D\u00eda de gimnasio en la pretemporada Tigre. <a href=\"https:\/\/twitter.com\/hashtag\/VamosTigres?src=hash\">#VamosTigres<\/a> <a href=\"https:\/\/t.co\/bvEec63tkL\">pic.twitter.com\/bvEec63tkL<\/a><\/p>\n<p>\u2014 CLUB TIGRES OFICIAL (@TigresOficial) <a href=\"https:\/\/twitter.com\/TigresOficial\/status\/746368972711288833\">24 de junio de 2016<\/a><\/p><\/blockquote>\n<p><script src=\"\/\/platform.twitter.com\/widgets.js\" async=\"\" charset=\"utf-8\"><\/script><\/p>\n<p>En caso de concretarse, <strong>Mathieu Valbuena<\/strong> dejar\u00eda al Olympique de Marsella para enfundarse en la camiseta <em>felina<\/em>.<\/p>\n<p>Por otra parte, el portal italiano <em>Sport.it<\/em> asegur\u00f3 que <strong>Tigres<\/strong> ya puso una oferta de 10 millones de euros en la mesa por el marfile\u00f1o <strong>Seydou Doumbia<\/strong> quien en su pr\u00e9stamo en Newcastle no encontrara regularidad y por eso la Roma (due\u00f1o de los derechos deportivos del futbolista) analizar\u00eda la proposici\u00f3n.<\/p>\n<p><span style=\"color: #ff0000;\"><strong>VIDEO<\/strong>: Los 10 peores cobros a lo Panenka<\/span><br \/>\n[video_player]https:\/\/player.vimeo.com\/external\/171433638.sd.mp4?s=78404ffed0660d7b888d883dca6a4754abbef8df&amp;profile_id=165[\/video_player]<\/p>\n","protected":false},"excerpt":{"rendered":"<p>Los regios quieren aumentar el n\u00famero de extranjeros en su plantel <\/p>\n","protected":false},"author":20,"featured_media":406135,"comment_status":"closed","ping_status":"closed","sticky":false,"template":"","format":"standard","meta":[],"categories":[2198,3845,5950],"tags":[5973],"_links":{"self":[{"href":"http:\/\/desarrollo.grupomedios.com\/futbol\/wp-json\/wp\/v2\/posts\/406133"}],"collection":[{"href":"http:\/\/desarrollo.grupomedios.com\/futbol\/wp-json\/wp\/v2\/posts"}],"about":[{"href":"http:\/\/desarrollo.grupomedios.com\/futbol\/wp-json\/wp\/v2\/types\/post"}],"author":[{"embeddable":true,"href":"http:\/\/desarrollo.grupomedios.com\/futbol\/wp-json\/wp\/v2\/users\/20"}],"replies":[{"embeddable":true,"href":"http:\/\/desarrollo.grupomedios.com\/futbol\/wp-json\/wp\/v2\/comments?post=406133"}],"version-history":[{"count":0,"href":"http:\/\/desarrollo.grupomedios.com\/futbol\/wp-json\/wp\/v2\/posts\/406133\/revisions"}],"wp:featuredmedia":[{"embeddable":true,"href":"http:\/\/desarrollo.grupomedios.com\/futbol\/wp-json\/wp\/v2\/media\/406135"}],"wp:attachment":[{"href":"http:\/\/desarrollo.grupomedios.com\/futbol\/wp-json\/wp\/v2\/media?parent=406133"}],"wp:term":[{"taxonomy":"category","embeddable":true,"href":"http:\/\/desarrollo.grupomedios.com\/futbol\/wp-json\/wp\/v2\/categories?post=406133"},{"taxonomy":"post_tag","embeddable":true,"href":"http:\/\/desarrollo.grupomedios.com\/futbol\/wp-json\/wp\/v2\/tags?post=406133"}],"curies":[{"name":"wp","href":"https:\/\/api.w.org\/{rel}","templated":true}]}}