{"id":406165,"date":"2016-06-24T19:03:33","date_gmt":"2016-06-25T01:03:33","guid":{"rendered":"http:\/\/www.futboltotal.com.mx\/?p=406165"},"modified":"2016-06-24T19:03:33","modified_gmt":"2016-06-25T01:03:33","slug":"puebla-regresara-tv-azteca","status":"publish","type":"post","link":"http:\/\/desarrollo.grupomedios.com\/futbol\/futbol-mexicano\/puebla-regresara-tv-azteca\/2016\/06","title":{"rendered":"Puebla regresar\u00e1 con TV Azteca"},"content":{"rendered":"<p>Aunque falta para que arranque el Apertura 2016, \u00e9ste ya tuvo diversas pol\u00e9micas, cambios e innovaciones; entre las modificaciones destaca que <a href=\"http:\/\/futboltotal.com.mx\/equipos\/puebla\/\" target=\"_blank\"><strong>Puebla<\/strong><\/a> regresar\u00e1 con <strong>TV Azteca<\/strong>, lo cual significa que sus partidos estar\u00e1n en televisi\u00f3n abierta.<\/p>\n<p>Atr\u00e1s quedaron los d\u00edas en que los aficionados de la <em>Franja<\/em> ten\u00edan que pagar por ver los juegos del equipo de sus amores, pues el club estar\u00e1 con el medio del Ajusco.<\/p>\n<blockquote class=\"twitter-tweet\" data-lang=\"es\">\n<p dir=\"ltr\" lang=\"es\">Jugadores del <a href=\"https:\/\/twitter.com\/PueblaFC\">@PueblaFC<\/a> entrenaron en el estadio Cuauht\u00e9moc. <a href=\"https:\/\/t.co\/OGyPopVza8\">https:\/\/t.co\/OGyPopVza8<\/a> <a href=\"https:\/\/t.co\/01QFnPLRfE\">pic.twitter.com\/01QFnPLRfE<\/a><\/p>\n<p>\u2014 Agencia Enfoque (@FotoEnfoque) <a href=\"https:\/\/twitter.com\/FotoEnfoque\/status\/746438885970870272\">24 de junio de 2016<\/a><\/p><\/blockquote>\n<p><script src=\"\/\/platform.twitter.com\/widgets.js\" async=\"\" charset=\"utf-8\"><\/script><br \/>\nDicha decisi\u00f3n se debe en parte a que <strong>TV Azteca<\/strong> quiere retomar los duelos del domingo por la tarde y por eso \u201ctrajeron\u201d al <strong>Puebla<\/strong>, al igual que\u00a0Santos Laguna, seg\u00fan inform\u00f3 <em>El Universal<\/em>.<\/p>\n<p>Para el inicio del certamen, los <em>Camoteros<\/em> tienen la obligaci\u00f3n de derrotar al Monterrey para alcanzar la motivaci\u00f3n y puntos iniciales que los comiencen a alejar de la zona del descenso.<\/p>\n<p><span style=\"color: #ff0000;\"><strong>VIDEO<\/strong>: Los 10 peores cobros a lo Panenka<\/span><br \/>\n[video_player]https:\/\/player.vimeo.com\/external\/171433638.sd.mp4?s=78404ffed0660d7b888d883dca6a4754abbef8df&amp;profile_id=165[\/video_player]<\/p>\n","protected":false},"excerpt":{"rendered":"<p>La Franja volver\u00e1 a las transmisiones abiertas <\/p>\n","protected":false},"author":20,"featured_media":406166,"comment_status":"closed","ping_status":"closed","sticky":false,"template":"","format":"standard","meta":[],"categories":[2198,3845],"tags":[5969],"_links":{"self":[{"href":"http:\/\/desarrollo.grupomedios.com\/futbol\/wp-json\/wp\/v2\/posts\/406165"}],"collection":[{"href":"http:\/\/desarrollo.grupomedios.com\/futbol\/wp-json\/wp\/v2\/posts"}],"about":[{"href":"http:\/\/desarrollo.grupomedios.com\/futbol\/wp-json\/wp\/v2\/types\/post"}],"author":[{"embeddable":true,"href":"http:\/\/desarrollo.grupomedios.com\/futbol\/wp-json\/wp\/v2\/users\/20"}],"replies":[{"embeddable":true,"href":"http:\/\/desarrollo.grupomedios.com\/futbol\/wp-json\/wp\/v2\/comments?post=406165"}],"version-history":[{"count":0,"href":"http:\/\/desarrollo.grupomedios.com\/futbol\/wp-json\/wp\/v2\/posts\/406165\/revisions"}],"wp:featuredmedia":[{"embeddable":true,"href":"http:\/\/desarrollo.grupomedios.com\/futbol\/wp-json\/wp\/v2\/media\/406166"}],"wp:attachment":[{"href":"http:\/\/desarrollo.grupomedios.com\/futbol\/wp-json\/wp\/v2\/media?parent=406165"}],"wp:term":[{"taxonomy":"category","embeddable":true,"href":"http:\/\/desarrollo.grupomedios.com\/futbol\/wp-json\/wp\/v2\/categories?post=406165"},{"taxonomy":"post_tag","embeddable":true,"href":"http:\/\/desarrollo.grupomedios.com\/futbol\/wp-json\/wp\/v2\/tags?post=406165"}],"curies":[{"name":"wp","href":"https:\/\/api.w.org\/{rel}","templated":true}]}}