{"id":406284,"date":"2016-06-25T15:59:19","date_gmt":"2016-06-25T21:59:19","guid":{"rendered":"http:\/\/www.futboltotal.com.mx\/?p=406284"},"modified":"2016-06-25T15:59:19","modified_gmt":"2016-06-25T21:59:19","slug":"jonathan-cristaldo-a-paso-del-cruz-azul","status":"publish","type":"post","link":"http:\/\/desarrollo.grupomedios.com\/futbol\/futbol-mexicano\/jonathan-cristaldo-a-paso-del-cruz-azul\/2016\/06","title":{"rendered":"Jonathan Cristaldo, a un paso del Cruz Azul"},"content":{"rendered":"<p>El Apertura 2016 arrancar\u00e1 el pr\u00f3ximo 15 de julio, sin embargo, <a href=\"http:\/\/futboltotal.com.mx\/equipos\/cruz-azul\/\" target=\"_blank\"><strong>Cruz Azul<\/strong><\/a> a\u00fan no termina por definir en su totalidad la plantilla con la que participar\u00e1 en el torneo, por ello destaca que la <em>M\u00e1quina<\/em> est\u00e1 a punto de concretar otra contrataci\u00f3n, se trata del delantero argentino, <strong>Jonathan Cristaldo<\/strong>.<\/p>\n<p>La adquisici\u00f3n del atacante del Palmeiras se ve\u00eda venir, pues el mismo jugador no pudo contener la emoci\u00f3n que le genera vestir la camiseta <em>celeste<\/em> y en d\u00edas anteriores le dedic\u00f3 un gol a los\u00a0<em>Cementeros<\/em>.<\/p>\n<blockquote class=\"twitter-tweet\" data-lang=\"es\">\n<p dir=\"ltr\" lang=\"es\">Concluye partido <a href=\"https:\/\/twitter.com\/Cruz_Azul_FC\">@Cruz_Azul_FC<\/a> vs Tampico Madero, marcador a favor de los celestes <a href=\"https:\/\/twitter.com\/hashtag\/AzulEsTodo?src=hash\">#AzulEsTodo<\/a> <a href=\"https:\/\/t.co\/xAFgSpLVSg\">pic.twitter.com\/xAFgSpLVSg<\/a><\/p>\n<p>\u2014 CRUZ AZUL FC \u00ae (@Cruz_Azul_FC) <a href=\"https:\/\/twitter.com\/Cruz_Azul_FC\/status\/745708569039937536\">22 de junio de 2016<\/a><\/p><\/blockquote>\n<p><script src=\"\/\/platform.twitter.com\/widgets.js\" async=\"\" charset=\"utf-8\"><\/script><\/p>\n<p><strong>Jonathan Cristaldo<\/strong> tiene 27 a\u00f1os de edad y en su trayectoria defendi\u00f3 los colores del V\u00e9lez, Metalist de Ucrania, Bologna de Italia, hasta arribar al balompi\u00e9 brasile\u00f1o.<\/p>\n<p><strong>Cruz Azul<\/strong> tambi\u00e9n espera concretar los fichajes de los chilenos Francisco Silva y Enzo Roco, quienes se encuentran con la <em>Roja<\/em> a la espera de disputar la Final de la Copa Am\u00e9rica, donde intentar\u00e1n alcanzar el bicampeonato frente Argentina.<\/p>\n","protected":false},"excerpt":{"rendered":"<p>La M\u00e1quina afina detalles para adquirir al delantero argentino <\/p>\n","protected":false},"author":20,"featured_media":406285,"comment_status":"closed","ping_status":"closed","sticky":false,"template":"","format":"standard","meta":[],"categories":[2198,3845,5950],"tags":[5962],"_links":{"self":[{"href":"http:\/\/desarrollo.grupomedios.com\/futbol\/wp-json\/wp\/v2\/posts\/406284"}],"collection":[{"href":"http:\/\/desarrollo.grupomedios.com\/futbol\/wp-json\/wp\/v2\/posts"}],"about":[{"href":"http:\/\/desarrollo.grupomedios.com\/futbol\/wp-json\/wp\/v2\/types\/post"}],"author":[{"embeddable":true,"href":"http:\/\/desarrollo.grupomedios.com\/futbol\/wp-json\/wp\/v2\/users\/20"}],"replies":[{"embeddable":true,"href":"http:\/\/desarrollo.grupomedios.com\/futbol\/wp-json\/wp\/v2\/comments?post=406284"}],"version-history":[{"count":0,"href":"http:\/\/desarrollo.grupomedios.com\/futbol\/wp-json\/wp\/v2\/posts\/406284\/revisions"}],"wp:featuredmedia":[{"embeddable":true,"href":"http:\/\/desarrollo.grupomedios.com\/futbol\/wp-json\/wp\/v2\/media\/406285"}],"wp:attachment":[{"href":"http:\/\/desarrollo.grupomedios.com\/futbol\/wp-json\/wp\/v2\/media?parent=406284"}],"wp:term":[{"taxonomy":"category","embeddable":true,"href":"http:\/\/desarrollo.grupomedios.com\/futbol\/wp-json\/wp\/v2\/categories?post=406284"},{"taxonomy":"post_tag","embeddable":true,"href":"http:\/\/desarrollo.grupomedios.com\/futbol\/wp-json\/wp\/v2\/tags?post=406284"}],"curies":[{"name":"wp","href":"https:\/\/api.w.org\/{rel}","templated":true}]}}