{"id":406353,"date":"2016-06-25T19:43:32","date_gmt":"2016-06-26T01:43:32","guid":{"rendered":"http:\/\/www.futboltotal.com.mx\/?p=406353"},"modified":"2016-06-25T19:43:32","modified_gmt":"2016-06-26T01:43:32","slug":"angel-reyna-debuta-doblete-en-celaya","status":"publish","type":"post","link":"http:\/\/desarrollo.grupomedios.com\/futbol\/futbol-mexicano\/angel-reyna-debuta-doblete-en-celaya\/2016\/06","title":{"rendered":"\u00c1ngel Reyna debuta con doblete en Celaya"},"content":{"rendered":"<p>Despu\u00e9s de salir por la puerta de atr\u00e1s de Chivas, <strong>\u00c1ngel Reyna<\/strong> comenz\u00f3 una nueva etapa ahora en el Ascenso MX con <strong>Celaya<\/strong>, equipo donde ilusiona a la afici\u00f3n luego de adjudicarse un doblete en el partido de pretemporada frente al <a href=\"http:\/\/futboltotal.com.mx\/equipos\/puebla\/\" target=\"_blank\"><strong>Puebla<\/strong><\/a>.<\/p>\n<p>El problema fue que los <em>Toros<\/em> dejaron escapar la ventaja y permitieron que la <em>Franja<\/em> se llevar el triunfo 4-3.<\/p>\n<blockquote class=\"twitter-tweet\" data-lang=\"es\">\n<p dir=\"ltr\" lang=\"es\"><a href=\"https:\/\/twitter.com\/hashtag\/MarcadorFinal?src=hash\">#MarcadorFinal<\/a><br \/>\nClub Puebla 4-3 Celaya <a href=\"https:\/\/twitter.com\/hashtag\/PretemporadaCamotera?src=hash\">#PretemporadaCamotera<\/a><\/p>\n<p>\u2014 Club Puebla (@PueblaFC) <a href=\"https:\/\/twitter.com\/PueblaFC\/status\/746776929634652160\">25 de junio de 2016<\/a><\/p><\/blockquote>\n<p><script src=\"\/\/platform.twitter.com\/widgets.js\" async=\"\" charset=\"utf-8\"><\/script><\/p>\n<p>La acciones amistosas iniciaron gracias a que Alexis Canelo abri\u00f3 el marcador al minuto 30. Para el complemento del cotejo, <strong>\u00c1ngel Reyna<\/strong> se estren\u00f3 como goleador del <strong>Celaya<\/strong> por la v\u00eda del penal y poco m\u00e1s tarde su compa\u00f1ero Rafael Murgu\u00eda puso el 1-2.<\/p>\n<p>Pese a que los visitantes ampliaron su ventaja con otro del <em>Pleititos,<\/em> <strong>Puebla<\/strong> acort\u00f3 distancia gracias a la anotaci\u00f3n del \u00c1lvaro Navarro, por si fuera poco, \u00a0Jer\u00f3nimo Amione y el <em>Chino<\/em> firmaron el 4-3.<\/p>\n","protected":false},"excerpt":{"rendered":"<p>El delantero ilusiona a la afici\u00f3n de los Toros  <\/p>\n","protected":false},"author":20,"featured_media":406354,"comment_status":"closed","ping_status":"closed","sticky":false,"template":"","format":"standard","meta":[],"categories":[3843,2198,3845,5950],"tags":[1659,432,5969],"_links":{"self":[{"href":"http:\/\/desarrollo.grupomedios.com\/futbol\/wp-json\/wp\/v2\/posts\/406353"}],"collection":[{"href":"http:\/\/desarrollo.grupomedios.com\/futbol\/wp-json\/wp\/v2\/posts"}],"about":[{"href":"http:\/\/desarrollo.grupomedios.com\/futbol\/wp-json\/wp\/v2\/types\/post"}],"author":[{"embeddable":true,"href":"http:\/\/desarrollo.grupomedios.com\/futbol\/wp-json\/wp\/v2\/users\/20"}],"replies":[{"embeddable":true,"href":"http:\/\/desarrollo.grupomedios.com\/futbol\/wp-json\/wp\/v2\/comments?post=406353"}],"version-history":[{"count":0,"href":"http:\/\/desarrollo.grupomedios.com\/futbol\/wp-json\/wp\/v2\/posts\/406353\/revisions"}],"wp:featuredmedia":[{"embeddable":true,"href":"http:\/\/desarrollo.grupomedios.com\/futbol\/wp-json\/wp\/v2\/media\/406354"}],"wp:attachment":[{"href":"http:\/\/desarrollo.grupomedios.com\/futbol\/wp-json\/wp\/v2\/media?parent=406353"}],"wp:term":[{"taxonomy":"category","embeddable":true,"href":"http:\/\/desarrollo.grupomedios.com\/futbol\/wp-json\/wp\/v2\/categories?post=406353"},{"taxonomy":"post_tag","embeddable":true,"href":"http:\/\/desarrollo.grupomedios.com\/futbol\/wp-json\/wp\/v2\/tags?post=406353"}],"curies":[{"name":"wp","href":"https:\/\/api.w.org\/{rel}","templated":true}]}}