{"id":406359,"date":"2016-06-25T19:53:17","date_gmt":"2016-06-26T01:53:17","guid":{"rendered":"http:\/\/www.futboltotal.com.mx\/?p=406359"},"modified":"2016-06-25T19:53:17","modified_gmt":"2016-06-26T01:53:17","slug":"jaime-barreiro-nuevo-jugador-del-atlas","status":"publish","type":"post","link":"http:\/\/desarrollo.grupomedios.com\/futbol\/futbol-mexicano\/jaime-barreiro-nuevo-jugador-del-atlas\/2016\/06","title":{"rendered":"Jaime Barreiro, nuevo jugador del Atlas"},"content":{"rendered":"<p>La defensa fue una de las principales debilidades del <a href=\"http:\/\/futboltotal.com.mx\/equipos\/atlas\/\" target=\"_blank\"><strong>Atlas<\/strong><\/a> el pasado torneo, por eso el equipo decidi\u00f3 reforzar dicha l\u00ednea con el colombiano <strong>Jaime Barreiro<\/strong>, quien llega procedente del Independiente de Santa Fe.<\/p>\n<p>Por medio de sus redes sociales, los <em>Zorros<\/em> confirmaron el arribo del zaguero <em>cafetero<\/em> de 22 a\u00f1os de edad, quien tendr\u00e1 su primera experiencia fuera de su pa\u00eds.<\/p>\n<blockquote class=\"twitter-tweet\" data-lang=\"es\">\n<p dir=\"ltr\" lang=\"es\">\u00a1<a href=\"https:\/\/twitter.com\/StevenBarreiro\">@stevenbarreiro<\/a> es oficialmente jugador de los Rojinegros!<br \/>\nBarreiro firm\u00f3 y se incorpor\u00f3 con el equipo en Chicago <a href=\"https:\/\/t.co\/zvFxWh5L8Y\">pic.twitter.com\/zvFxWh5L8Y<\/a><\/p>\n<p>\u2014 Atlas FC (@atlasfc) <a href=\"https:\/\/twitter.com\/atlasfc\/status\/746814728941375488\">25 de junio de 2016<\/a><\/p><\/blockquote>\n<p><script src=\"\/\/platform.twitter.com\/widgets.js\" async=\"\" charset=\"utf-8\"><\/script><\/p>\n<p><strong>Jaime Barreiro <\/strong>sabe lo que es representar a Colombia, al menos en las categor\u00edas juveniles, pues disput\u00f3 el Mundial Sub-20 de Turqu\u00eda 2013.<\/p>\n","protected":false},"excerpt":{"rendered":"<p>El defensa colombiano ya firm\u00f3 con los Zorros <\/p>\n","protected":false},"author":20,"featured_media":406361,"comment_status":"closed","ping_status":"closed","sticky":false,"template":"","format":"standard","meta":[],"categories":[2198,3845,5950],"tags":[5961],"_links":{"self":[{"href":"http:\/\/desarrollo.grupomedios.com\/futbol\/wp-json\/wp\/v2\/posts\/406359"}],"collection":[{"href":"http:\/\/desarrollo.grupomedios.com\/futbol\/wp-json\/wp\/v2\/posts"}],"about":[{"href":"http:\/\/desarrollo.grupomedios.com\/futbol\/wp-json\/wp\/v2\/types\/post"}],"author":[{"embeddable":true,"href":"http:\/\/desarrollo.grupomedios.com\/futbol\/wp-json\/wp\/v2\/users\/20"}],"replies":[{"embeddable":true,"href":"http:\/\/desarrollo.grupomedios.com\/futbol\/wp-json\/wp\/v2\/comments?post=406359"}],"version-history":[{"count":0,"href":"http:\/\/desarrollo.grupomedios.com\/futbol\/wp-json\/wp\/v2\/posts\/406359\/revisions"}],"wp:featuredmedia":[{"embeddable":true,"href":"http:\/\/desarrollo.grupomedios.com\/futbol\/wp-json\/wp\/v2\/media\/406361"}],"wp:attachment":[{"href":"http:\/\/desarrollo.grupomedios.com\/futbol\/wp-json\/wp\/v2\/media?parent=406359"}],"wp:term":[{"taxonomy":"category","embeddable":true,"href":"http:\/\/desarrollo.grupomedios.com\/futbol\/wp-json\/wp\/v2\/categories?post=406359"},{"taxonomy":"post_tag","embeddable":true,"href":"http:\/\/desarrollo.grupomedios.com\/futbol\/wp-json\/wp\/v2\/tags?post=406359"}],"curies":[{"name":"wp","href":"https:\/\/api.w.org\/{rel}","templated":true}]}}