{"id":406371,"date":"2016-06-26T12:30:19","date_gmt":"2016-06-26T18:30:19","guid":{"rendered":"http:\/\/www.futboltotal.com.mx\/?p=406371"},"modified":"2016-06-26T15:31:21","modified_gmt":"2016-06-26T21:31:21","slug":"en-vivo-hungria-vs-belgica-eurocopa","status":"publish","type":"post","link":"http:\/\/desarrollo.grupomedios.com\/futbol\/futbol-internacional\/en-vivo-hungria-vs-belgica-eurocopa\/2016\/06","title":{"rendered":"AS\u00cd SE VIVI\u00d3 | Hungr\u00eda 0-4 B\u00e9lgica | Eurocopa"},"content":{"rendered":"<p><a class=\"twitter-timeline\" href=\"https:\/\/twitter.com\/search?q=from%3ABelRedDevils%2C%20OR%20from%3AUEFAEURO%2C%20OR%20from%3AMLSZhivatalos\" data-widget-id=\"747153467383287808\">Tweets sobre from:BelRedDevils, OR from:UEFAEURO, OR from:MLSZhivatalos<\/a><br \/>\n<script>\/\/ <![CDATA[\n!function(d,s,id){var js,fjs=d.getElementsByTagName(s)[0],p=\/^http:\/.test(d.location)?'http':'https';if(!d.getElementById(id)){js=d.createElement(s);js.id=id;js.src=p+\":\/\/platform.twitter.com\/widgets.js\";fjs.parentNode.insertBefore(js,fjs);}}(document,\"script\",\"twitter-wjs\");\n\/\/ ]]><\/script><\/p>\n<p><strong>B\u00e9lgica<\/strong>, una de las naciones que re\u00fane m\u00e1s talento de la <strong><a href=\"http:\/\/www.futboltotal.com.mx\/eurocopa-2016\/\" target=\"_blank\">Eurocopa<\/a>\u00a02016<\/strong>, recuperado en su autoestima tras haber sumado dos triunfos consecutivos, se mide este domingo\u00a0en Toulouse (14:00 horas) a una <strong>Hungr\u00eda<\/strong> carente de estrellas que, a base de entusiasmo y trabajo colectivo, se ha convertido en una de las sorpresas del torneo.<\/p>\n<p>Si los <em>Diablos Rojos<\/em> eran al principio uno de los favoritos, por la constelaci\u00f3n de estrellas que atesoran y porque son la naci\u00f3n europea mejor situada en la clasificaci\u00f3n de la FIFA, nadie contaba que los magiares lideraran un grupo en el que coincid\u00edan con Portugal.<\/p>\n<p><strong>B\u00e9lgica<\/strong> deber\u00e1 demostrar que el tropiezo de la primera jornada contra Italia fue un accidente y que la mejor\u00eda evidenciada desde entonces por los de Marc Wilmots responde al verdadero momento que atraviesa el equipo.<\/p>\n<p>Por primera vez en su historia, <strong>B\u00e9lgica<\/strong> ha encadenado dos victorias consecutivas en una <strong>Eurocopa<\/strong> y aspira a una tercera que les acerque a su objetivo, igualar al menos la final que disputaron en 1980.<\/p>\n<p>El poder ofensivo que otorga al equipo la asociaci\u00f3n Eden Hazard, Kevin de Bruyne, Yannick Carrasco o Romelu Lukaku otorgan a la selecci\u00f3n belga un aura que todav\u00eda no ha dado todo su potencial.<\/p>\n<p>El mejor ejemplo es Hazard, que encadena ya 637 minutos sin marcar con la selecci\u00f3n, pero que ha dado las asistencias de los dos \u00faltimos tantos belgas.<\/p>\n<p>El jugador del Chelsea, a quien los medios atribuyen una mala relaci\u00f3n personal con De Bruyne, es el gran capit\u00e1n del equipo y a partir de ahora, cuando los partidos son a cara o cruz, se espera que marque la diferencia.\u00a0Pero <strong>Hungr\u00eda<\/strong> tambi\u00e9n quiere hacer historia y por eso se decantan como un rival complicado de superar.<\/p>\n<p>\u00bfCu\u00e1l es tu pron\u00f3stico para el <strong>Hungr\u00eda vs. B\u00e9lgica<\/strong>, <em>crack<\/em>?<\/p>\n","protected":false},"excerpt":{"rendered":"<p>Una selecci\u00f3n se despedir\u00e1, la otra buscar\u00e1 la gloria<\/p>\n","protected":false},"author":144,"featured_media":406475,"comment_status":"closed","ping_status":"closed","sticky":false,"template":"","format":"standard","meta":[],"categories":[6995,3839,6999],"tags":[2236],"_links":{"self":[{"href":"http:\/\/desarrollo.grupomedios.com\/futbol\/wp-json\/wp\/v2\/posts\/406371"}],"collection":[{"href":"http:\/\/desarrollo.grupomedios.com\/futbol\/wp-json\/wp\/v2\/posts"}],"about":[{"href":"http:\/\/desarrollo.grupomedios.com\/futbol\/wp-json\/wp\/v2\/types\/post"}],"author":[{"embeddable":true,"href":"http:\/\/desarrollo.grupomedios.com\/futbol\/wp-json\/wp\/v2\/users\/144"}],"replies":[{"embeddable":true,"href":"http:\/\/desarrollo.grupomedios.com\/futbol\/wp-json\/wp\/v2\/comments?post=406371"}],"version-history":[{"count":0,"href":"http:\/\/desarrollo.grupomedios.com\/futbol\/wp-json\/wp\/v2\/posts\/406371\/revisions"}],"wp:featuredmedia":[{"embeddable":true,"href":"http:\/\/desarrollo.grupomedios.com\/futbol\/wp-json\/wp\/v2\/media\/406475"}],"wp:attachment":[{"href":"http:\/\/desarrollo.grupomedios.com\/futbol\/wp-json\/wp\/v2\/media?parent=406371"}],"wp:term":[{"taxonomy":"category","embeddable":true,"href":"http:\/\/desarrollo.grupomedios.com\/futbol\/wp-json\/wp\/v2\/categories?post=406371"},{"taxonomy":"post_tag","embeddable":true,"href":"http:\/\/desarrollo.grupomedios.com\/futbol\/wp-json\/wp\/v2\/tags?post=406371"}],"curies":[{"name":"wp","href":"https:\/\/api.w.org\/{rel}","templated":true}]}}