{"id":406403,"date":"2016-06-27T16:10:46","date_gmt":"2016-06-27T21:10:46","guid":{"rendered":"http:\/\/www.futboltotal.com.mx\/?p=406403"},"modified":"2016-06-28T11:41:53","modified_gmt":"2016-06-28T16:41:53","slug":"cuartos-final-la-euro-al-momento","status":"publish","type":"post","link":"http:\/\/desarrollo.grupomedios.com\/futbol\/futbol-internacional\/cuartos-final-la-euro-al-momento\/2016\/06","title":{"rendered":"Definidos&#8230; Cuartos de Final de la Eurocopa"},"content":{"rendered":"<p>Tras el sonoro triunfo de Italia sobre Espa\u00f1a y la sorpresiva victoria de Islandia ante Inglaterra, quedaron definidos los <strong>Cuartos de Final<\/strong> de la <strong>Eurocopa 2016<\/strong>.<\/p>\n<p><a href=\"http:\/\/www.futboltotal.com.mx\/2016\/06\/cuartos-final-la-euro-al-momento\/cuartos-de-final-eurocopa-2\/\" rel=\"attachment wp-att-406846\"><img decoding=\"async\" loading=\"lazy\" class=\"aligncenter size-full wp-image-406846\" src=\"http:\/\/www.futboltotal.com.mx\/wp-content\/uploads\/2016\/06\/cuartos-de-final-eurocopa-1.jpg\" alt=\"cuartos-de-final-eurocopa\" srcset=\"http:\/\/desarrollo.grupomedios.com\/futbol\/wp-content\/uploads\/2016\/06\/cuartos-de-final-eurocopa-1.jpg 858w, http:\/\/desarrollo.grupomedios.com\/futbol\/wp-content\/uploads\/2016\/06\/cuartos-de-final-eurocopa-1-300x151.jpg 300w, http:\/\/desarrollo.grupomedios.com\/futbol\/wp-content\/uploads\/2016\/06\/cuartos-de-final-eurocopa-1-768x386.jpg 768w, http:\/\/desarrollo.grupomedios.com\/futbol\/wp-content\/uploads\/2016\/06\/cuartos-de-final-eurocopa-1-340x171.jpg 340w\" sizes=\"(max-width: 858px) 100vw, 858px\" \/><\/a><\/p>\n<p style=\"text-align: center;\"><strong><span style=\"color: #3366ff;\"><a style=\"color: #3366ff;\" href=\"http:\/\/www.futboltotal.com.mx\/eurocopa-2016\/\">LEER M\u00c1S: Todas las noticias de la Euro 2016<\/a><\/span><\/strong><\/p>\n<p>Los <strong>Cuartos de Final<\/strong> se disputar\u00e1n del\u00a0jueves 30 de junio al domingo 3 de julio.<\/p>\n<p>Jueves 30 de junio | Polonia vs. Portugal\u00a0&#8211; 14:00 horas<\/p>\n<p>Viernes\u00a01 de julio | Gales\u00a0vs. B\u00e9lgica\u00a0&#8211; 14:00 horas<\/p>\n<p>S\u00e1bado 2 de julio\u00a0| Alemania\u00a0vs. Italia\u00a0&#8211; 14:00 horas<\/p>\n<p>Domingo 3 de julio\u00a0| Francia\u00a0vs. Islandia\u00a0&#8211; 14:00 horas<\/p>\n<blockquote class=\"twitter-tweet\" data-lang=\"es\">\n<p dir=\"ltr\" lang=\"es\">As\u00ed queda el cuadro de la <a href=\"https:\/\/twitter.com\/hashtag\/EURO2016?src=hash\">#EURO2016<\/a>. Ocho selecciones, un sue\u00f1o. <a href=\"https:\/\/t.co\/RrKUzEVfDA\">pic.twitter.com\/RrKUzEVfDA<\/a><\/p>\n<p>\u2014 UEFA.com en espa\u00f1ol (@UEFAcom_es) <a href=\"https:\/\/twitter.com\/UEFAcom_es\/status\/747536857576128512\">27 de junio de 2016<\/a><\/p><\/blockquote>\n<p><script src=\"\/\/platform.twitter.com\/widgets.js\" async=\"\" charset=\"utf-8\"><\/script><\/p>\n","protected":false},"excerpt":{"rendered":"<p>B\u00e9lgica y Hungr\u00eda definir\u00e1n el segundo duelo de esta fase<\/p>\n","protected":false},"author":20,"featured_media":406846,"comment_status":"closed","ping_status":"closed","sticky":false,"template":"","format":"standard","meta":[],"categories":[6995,3839,6999,5951],"tags":[5537,2236],"_links":{"self":[{"href":"http:\/\/desarrollo.grupomedios.com\/futbol\/wp-json\/wp\/v2\/posts\/406403"}],"collection":[{"href":"http:\/\/desarrollo.grupomedios.com\/futbol\/wp-json\/wp\/v2\/posts"}],"about":[{"href":"http:\/\/desarrollo.grupomedios.com\/futbol\/wp-json\/wp\/v2\/types\/post"}],"author":[{"embeddable":true,"href":"http:\/\/desarrollo.grupomedios.com\/futbol\/wp-json\/wp\/v2\/users\/20"}],"replies":[{"embeddable":true,"href":"http:\/\/desarrollo.grupomedios.com\/futbol\/wp-json\/wp\/v2\/comments?post=406403"}],"version-history":[{"count":0,"href":"http:\/\/desarrollo.grupomedios.com\/futbol\/wp-json\/wp\/v2\/posts\/406403\/revisions"}],"wp:featuredmedia":[{"embeddable":true,"href":"http:\/\/desarrollo.grupomedios.com\/futbol\/wp-json\/wp\/v2\/media\/406846"}],"wp:attachment":[{"href":"http:\/\/desarrollo.grupomedios.com\/futbol\/wp-json\/wp\/v2\/media?parent=406403"}],"wp:term":[{"taxonomy":"category","embeddable":true,"href":"http:\/\/desarrollo.grupomedios.com\/futbol\/wp-json\/wp\/v2\/categories?post=406403"},{"taxonomy":"post_tag","embeddable":true,"href":"http:\/\/desarrollo.grupomedios.com\/futbol\/wp-json\/wp\/v2\/tags?post=406403"}],"curies":[{"name":"wp","href":"https:\/\/api.w.org\/{rel}","templated":true}]}}