{"id":406527,"date":"2016-06-26T16:15:29","date_gmt":"2016-06-26T22:15:29","guid":{"rendered":"http:\/\/www.futboltotal.com.mx\/?p=406527"},"modified":"2016-06-26T16:21:01","modified_gmt":"2016-06-26T22:21:01","slug":"juan-aurich-apoya-al-veracruz-en-batalla-pedro-gallese","status":"publish","type":"post","link":"http:\/\/desarrollo.grupomedios.com\/futbol\/futbol-mexicano\/juan-aurich-apoya-al-veracruz-en-batalla-pedro-gallese\/2016\/06","title":{"rendered":"Veracruz toma ventaja ante Tigres por Gallese"},"content":{"rendered":"<p>La batalla entre <a href=\"http:\/\/www.futboltotal.com.mx\/equipos\/tigres\/\" target=\"_blank\"><strong>Tigres<\/strong><\/a> y <a href=\"http:\/\/futboltotal.com.mx\/equipos\/veracruz\/\" target=\"_blank\"><strong>Veracruz<\/strong><\/a> por el portero peruano, <strong>Pedro Gallese,<\/strong> contin\u00faa, pero en esta ocasi\u00f3n, el equipo de donde proviene el cancerbero: <strong>Juan Aurich<\/strong>, ya declar\u00f3 en favor de los <em>Tiburones Rojos<\/em>, pues rechazan haber recibido oferta alguna de los <em>felinos<\/em>.<\/p>\n<p>En d\u00edas anteriores, se hablaba de la llegada de<strong> Pedro Gallese<\/strong> al <strong>Veracruz<\/strong>, quien tendr\u00eda complicaciones para registrar al cancerbero, porque presuntamente \u00e9ste, hab\u00eda firmado contrato tanto con los <em>Tiburones<\/em> como con <strong>Tigres<\/strong>, por lo que los <em>felinos<\/em> buscar\u00edan recurrir a la FIFA para que el jugador fuese castigado.<\/p>\n<p style=\"text-align: center;\"><span style=\"color: #3366ff;\"><a style=\"color: #3366ff;\" href=\"http:\/\/www.futboltotal.com.mx\/2016\/06\/peruano-llega-al-veracruz-bajo-amenaza\/\" target=\"_blank\"><strong>LEER M\u00c1S: Pedro Gallese llega a Veracruz bajo amenaza<\/strong><\/a><\/span><\/p>\n<p>Sin embargo, el club peruano <strong>Juan Aurich<\/strong>, emiti\u00f3 un comunicado donde rechaza que <strong>Tigres<\/strong> haya entrado en cualquier negociaci\u00f3n con el club, para adquirir al cancerbero peruano; y si lo hizo sin el consentimiento del equipo inca, entonces incurri\u00f3 en una falta a las reglas de transferencias.<\/p>\n<p><a href=\"http:\/\/www.futboltotal.com.mx\/wp-content\/uploads\/2016\/06\/576fe15ca6c73_576_814.jpg\"><img decoding=\"async\" loading=\"lazy\" class=\"size-full wp-image-406529 aligncenter\" src=\"http:\/\/www.futboltotal.com.mx\/wp-content\/uploads\/2016\/06\/576fe15ca6c73_576_814.jpg\" alt=\"576fe15ca6c73_576_814!\" srcset=\"http:\/\/desarrollo.grupomedios.com\/futbol\/wp-content\/uploads\/2016\/06\/576fe15ca6c73_576_814.jpg 576w, http:\/\/desarrollo.grupomedios.com\/futbol\/wp-content\/uploads\/2016\/06\/576fe15ca6c73_576_814-212x300.jpg 212w\" sizes=\"(max-width: 576px) 100vw, 576px\" \/><\/a><\/p>\n<p>Mientras se desarrolla el conflicto, <strong>Pedro Gallese<\/strong> fue presentado con el conjunto <em>escualo<\/em>, donde ya presume la piel del <em>Tibur\u00f3n<\/em> para competir en el Apertura 2016. El conflicto podr\u00eda continuar con una demanda contra el equipo de <strong>Tigres<\/strong> por hacer firmar contrato al cancerbero.<\/p>\n","protected":false},"excerpt":{"rendered":"<p>Juan Aurich niega que los felinos hayan contratado al portero<\/p>\n","protected":false},"author":20,"featured_media":406528,"comment_status":"closed","ping_status":"closed","sticky":false,"template":"","format":"standard","meta":[],"categories":[2198,3845,5950],"tags":[5973,6049],"_links":{"self":[{"href":"http:\/\/desarrollo.grupomedios.com\/futbol\/wp-json\/wp\/v2\/posts\/406527"}],"collection":[{"href":"http:\/\/desarrollo.grupomedios.com\/futbol\/wp-json\/wp\/v2\/posts"}],"about":[{"href":"http:\/\/desarrollo.grupomedios.com\/futbol\/wp-json\/wp\/v2\/types\/post"}],"author":[{"embeddable":true,"href":"http:\/\/desarrollo.grupomedios.com\/futbol\/wp-json\/wp\/v2\/users\/20"}],"replies":[{"embeddable":true,"href":"http:\/\/desarrollo.grupomedios.com\/futbol\/wp-json\/wp\/v2\/comments?post=406527"}],"version-history":[{"count":0,"href":"http:\/\/desarrollo.grupomedios.com\/futbol\/wp-json\/wp\/v2\/posts\/406527\/revisions"}],"wp:featuredmedia":[{"embeddable":true,"href":"http:\/\/desarrollo.grupomedios.com\/futbol\/wp-json\/wp\/v2\/media\/406528"}],"wp:attachment":[{"href":"http:\/\/desarrollo.grupomedios.com\/futbol\/wp-json\/wp\/v2\/media?parent=406527"}],"wp:term":[{"taxonomy":"category","embeddable":true,"href":"http:\/\/desarrollo.grupomedios.com\/futbol\/wp-json\/wp\/v2\/categories?post=406527"},{"taxonomy":"post_tag","embeddable":true,"href":"http:\/\/desarrollo.grupomedios.com\/futbol\/wp-json\/wp\/v2\/tags?post=406527"}],"curies":[{"name":"wp","href":"https:\/\/api.w.org\/{rel}","templated":true}]}}