{"id":406607,"date":"2016-06-26T19:59:33","date_gmt":"2016-06-27T01:59:33","guid":{"rendered":"http:\/\/www.futboltotal.com.mx\/?p=406607"},"modified":"2016-06-26T19:59:33","modified_gmt":"2016-06-27T01:59:33","slug":"gerardo-torrado-debuta-indy-eleven","status":"publish","type":"post","link":"http:\/\/desarrollo.grupomedios.com\/futbol\/futbol-internacional\/gerardo-torrado-debuta-indy-eleven\/2016\/06","title":{"rendered":"Gerardo Torrado debuta con el Indy Eleven"},"content":{"rendered":"<p>El mediocampista mexicano, <strong>Gerardo Torrado<\/strong>, ya tuvo actividad con su nuevo club, el <strong>Indy Eleven<\/strong>; lo hizo ante los <a href=\"http:\/\/futboltotal.com.mx\/equipos\/pachuca\/\" target=\"_blank\"><strong>Tuzos del Pachuca<\/strong><\/a>, en duelo de preparaci\u00f3n de ambas escuadras, rumbo a su siguiente temporada.<\/p>\n<p><strong>Gerardo Torrado<\/strong> inici\u00f3 como titular y jug\u00f3 62 minutos, hasta ser reemplazado por Brad Ring, en juego disputado en el Carroll Stadium, casa del <strong>Indy Eleven<\/strong>, en Indian\u00e1polis, donde el conjunto de la NASL se impuso ante el campe\u00f3n de la Liga MX.<\/p>\n<p style=\"text-align: center;\"><span style=\"color: #3366ff;\"><a style=\"color: #3366ff;\" href=\"http:\/\/www.futboltotal.com.mx\/2016\/06\/giovani-dos-santos-llego-a-siete-goles-en-la-mls\/\" target=\"_blank\"><strong>LEER M\u00c1S: Giovani dos Santos llega a siete goles en MLS<\/strong><\/a><\/span><\/p>\n<p>Al minuto 9 del partido, el irland\u00e9s Eamon Zayed, marc\u00f3 el \u00fanico tanto del partido, con el que <strong>Gerardo Torrado<\/strong> inici\u00f3 con el pie derecho en su nuevo equipo del balompi\u00e9 norteamericano, con el que fue presentado apenas unas semanas atr\u00e1s.<\/p>\n","protected":false},"excerpt":{"rendered":"<p>Vence al Pachuca, en duelo de preparaci\u00f3n<\/p>\n","protected":false},"author":20,"featured_media":406612,"comment_status":"closed","ping_status":"closed","sticky":false,"template":"","format":"standard","meta":[],"categories":[3839,5951],"tags":[379,5968],"_links":{"self":[{"href":"http:\/\/desarrollo.grupomedios.com\/futbol\/wp-json\/wp\/v2\/posts\/406607"}],"collection":[{"href":"http:\/\/desarrollo.grupomedios.com\/futbol\/wp-json\/wp\/v2\/posts"}],"about":[{"href":"http:\/\/desarrollo.grupomedios.com\/futbol\/wp-json\/wp\/v2\/types\/post"}],"author":[{"embeddable":true,"href":"http:\/\/desarrollo.grupomedios.com\/futbol\/wp-json\/wp\/v2\/users\/20"}],"replies":[{"embeddable":true,"href":"http:\/\/desarrollo.grupomedios.com\/futbol\/wp-json\/wp\/v2\/comments?post=406607"}],"version-history":[{"count":0,"href":"http:\/\/desarrollo.grupomedios.com\/futbol\/wp-json\/wp\/v2\/posts\/406607\/revisions"}],"wp:featuredmedia":[{"embeddable":true,"href":"http:\/\/desarrollo.grupomedios.com\/futbol\/wp-json\/wp\/v2\/media\/406612"}],"wp:attachment":[{"href":"http:\/\/desarrollo.grupomedios.com\/futbol\/wp-json\/wp\/v2\/media?parent=406607"}],"wp:term":[{"taxonomy":"category","embeddable":true,"href":"http:\/\/desarrollo.grupomedios.com\/futbol\/wp-json\/wp\/v2\/categories?post=406607"},{"taxonomy":"post_tag","embeddable":true,"href":"http:\/\/desarrollo.grupomedios.com\/futbol\/wp-json\/wp\/v2\/tags?post=406607"}],"curies":[{"name":"wp","href":"https:\/\/api.w.org\/{rel}","templated":true}]}}