{"id":406812,"date":"2016-06-27T13:48:12","date_gmt":"2016-06-27T18:48:12","guid":{"rendered":"http:\/\/www.futboltotal.com.mx\/?p=406812"},"modified":"2016-06-27T18:14:05","modified_gmt":"2016-06-27T23:14:05","slug":"diego-reyes-la-real-sociedad","status":"publish","type":"post","link":"http:\/\/desarrollo.grupomedios.com\/futbol\/futbol-internacional\/diego-reyes-la-real-sociedad\/2016\/06","title":{"rendered":"Diego Reyes, fuera de la Real Sociedad"},"content":{"rendered":"<p>ESPA\u00d1A\u00a0(EFE).- La\u00a0<strong>Real\u00a0Sociedad<\/strong>\u00a0agradeci\u00f3\u00a0este lunes los servicios prestados durante la pasada\u00a0temporada a tres de los cuatro jugadores que tuvo\u00a0cedidos, entre ellos el central mexicano <strong>Diego Reyes<\/strong>, quien\u00a0-de momento-\u00a0volver\u00e1 al Porto, mientras sigue a la espera de resolver el futuro del argentino Gero Rulli.<\/p>\n<p>La opci\u00f3n de reforzar la defensa de la pr\u00f3xima temporada con <strong>Reyes<\/strong> satisfac\u00eda al entrenador Eusebio Sacrist\u00e1n, pero el director deportivo,\u00a0Lorenzo Juarros, ya anticip\u00f3 hace un par de semanas que su continuidad &#8220;estaba muy complicada&#8221; porque pertenece al club portugu\u00e9s.<\/p>\n<p style=\"text-align: center;\"><strong><span style=\"color: #3366ff;\"><a style=\"color: #3366ff;\" href=\"http:\/\/www.futboltotal.com.mx\/2016\/06\/hector-herrera-acuerdo-napoli\/\">LEER M\u00c1S: H\u00e9ctor Herrera, con acuerdo con el Napoli<\/a><\/span><\/strong><\/p>\n<p>Si la llegada este verano de Diego Reyes para una nueva cesi\u00f3n est\u00e1 m\u00e1s que dif\u00edcil, los que est\u00e1n ya definitivamente descartados para seguir un a\u00f1o m\u00e1s en San Sebasti\u00e1n son el joven portugu\u00e9s Bruma, que regresa a Galatasaray, y el portero Oier Olazabal que lo har\u00e1 al Granada.<\/p>\n<p>La\u00a0Real Sociedad, en el comunicado difundido este lunes,\u00a0recuerda que ambos, al igual que Reyes, &#8220;finalizan su vinculaci\u00f3n el jueves 30 de junio&#8221;, por lo que agradece a los tres futbolistas &#8220;la profesionalidad, compromiso y dedicaci\u00f3n que han demostrado durante esta temporada&#8221; y les desea lo mejor a nivel personal y profesional.<\/p>\n<blockquote class=\"twitter-tweet\" data-lang=\"es\">\n<p dir=\"ltr\" lang=\"es\">Agradecimiento a <a href=\"https:\/\/twitter.com\/Diego_Reyes13\">@Diego_Reyes13<\/a>, Olazabal y Bruma <a href=\"https:\/\/t.co\/zKbfoSjhdS\">https:\/\/t.co\/zKbfoSjhdS<\/a> <a href=\"https:\/\/twitter.com\/hashtag\/RealSociedad?src=hash\">#RealSociedad<\/a><\/p>\n<p>\u2014 Real Sociedad F\u00fatbol (@RealSociedad) <a href=\"https:\/\/twitter.com\/RealSociedad\/status\/747349610042032128\">27 de junio de 2016<\/a><\/p><\/blockquote>\n<p><script src=\"\/\/platform.twitter.com\/widgets.js\" async=\"\" charset=\"utf-8\"><\/script><\/p>\n<p>El cuarto jugador que ten\u00eda cedido la\u00a0Real\u00a0la pasada temporada, el argentino Gero Rulli, representa un caso distinto, ya que todo apunta a que el conjunto vasco podr\u00e1 hacerse con sus servicios en propiedad pero las negociaciones no terminan de culminar con la r\u00fabrica de los acuerdos.<\/p>\n<p>El portero sudamericano, que se concentra con Argentina para la disputa de los Juegos Ol\u00edmpicos, se ha marchado hace escasos d\u00edas de San Sebasti\u00e1n sin firmar su contrato con un &#8220;hasta pronto&#8221; en un v\u00eddeo que ha colgado en su cuenta twitter, en el que integra im\u00e1genes de la capital donostiarra y del estadio de Anoeta al que conf\u00eda en regresar. EFE<\/p>\n","protected":false},"excerpt":{"rendered":"<p>De momento, el central mexicano volver\u00e1 al Porto<\/p>\n","protected":false},"author":144,"featured_media":406815,"comment_status":"closed","ping_status":"closed","sticky":false,"template":"","format":"standard","meta":[],"categories":[3839,3844,6718,5951],"tags":[6006,4545],"_links":{"self":[{"href":"http:\/\/desarrollo.grupomedios.com\/futbol\/wp-json\/wp\/v2\/posts\/406812"}],"collection":[{"href":"http:\/\/desarrollo.grupomedios.com\/futbol\/wp-json\/wp\/v2\/posts"}],"about":[{"href":"http:\/\/desarrollo.grupomedios.com\/futbol\/wp-json\/wp\/v2\/types\/post"}],"author":[{"embeddable":true,"href":"http:\/\/desarrollo.grupomedios.com\/futbol\/wp-json\/wp\/v2\/users\/144"}],"replies":[{"embeddable":true,"href":"http:\/\/desarrollo.grupomedios.com\/futbol\/wp-json\/wp\/v2\/comments?post=406812"}],"version-history":[{"count":0,"href":"http:\/\/desarrollo.grupomedios.com\/futbol\/wp-json\/wp\/v2\/posts\/406812\/revisions"}],"wp:featuredmedia":[{"embeddable":true,"href":"http:\/\/desarrollo.grupomedios.com\/futbol\/wp-json\/wp\/v2\/media\/406815"}],"wp:attachment":[{"href":"http:\/\/desarrollo.grupomedios.com\/futbol\/wp-json\/wp\/v2\/media?parent=406812"}],"wp:term":[{"taxonomy":"category","embeddable":true,"href":"http:\/\/desarrollo.grupomedios.com\/futbol\/wp-json\/wp\/v2\/categories?post=406812"},{"taxonomy":"post_tag","embeddable":true,"href":"http:\/\/desarrollo.grupomedios.com\/futbol\/wp-json\/wp\/v2\/tags?post=406812"}],"curies":[{"name":"wp","href":"https:\/\/api.w.org\/{rel}","templated":true}]}}