{"id":406817,"date":"2016-06-27T14:32:48","date_gmt":"2016-06-27T19:32:48","guid":{"rendered":"http:\/\/www.futboltotal.com.mx\/?p=406817"},"modified":"2016-06-27T18:34:02","modified_gmt":"2016-06-27T23:34:02","slug":"argentina-65-dias-convencer-a-messi","status":"publish","type":"post","link":"http:\/\/desarrollo.grupomedios.com\/futbol\/destacado-home\/argentina-65-dias-convencer-a-messi\/2016\/06","title":{"rendered":"Argentina no pierde esperanza de convencer a Messi"},"content":{"rendered":"<p><strong>Lionel Messi<\/strong> cimbr\u00f3\u00a0la noche de este domingo al planeta futbol de la manera m\u00e1s intempestiva: <a href=\"http:\/\/www.futboltotal.com.mx\/2016\/06\/se-termino-la-seleccion-argentina-mi-lionel-messi\/\">anunci\u00f3\u00a0su retiro, m\u00e1s que prematuro, de la selecci\u00f3n de <strong>Argentina<\/strong> despu\u00e9s de haber perdido la Final de la Copa Am\u00e9rica Centenario<\/a>. Fue la cuarta batalla por el t\u00edtulo que perdi\u00f3 el <em>crack<\/em> rosarino, cuya participaci\u00f3n previo al partido ante Chile fue encomiable, al ser el goleador del club y llevar a los suyos a so\u00f1ar con la Copa que no cae desde 1993.<\/p>\n<p>Despu\u00e9s de la abrupta respuesta de <strong>Lionel Messi<\/strong>, a la Asociaci\u00f3n de Futbol Argentino no le queda de otra m\u00e1s que trabajar a contrarreloj durante los pr\u00f3ximos 65 d\u00edas para convencer a la <em>Pulga<\/em> de no cometer una locura y colgar la camiseta <em>Albiceleste,\u00a0<\/em>antes de haber siquiera intentado una vez m\u00e1s guiar a los suyos a clasificar a Rusia y contender a ultranza para ganar la Copa del Mundo.<\/p>\n<p style=\"text-align: center;\"><span style=\"color: #3366ff;\"><strong>LEER M\u00c1S: El adi\u00f3s de Messi recorre al mundo<\/strong><\/span><\/p>\n<p>La <strong>AFA<\/strong>\u00a0dar\u00e1 un respiro a <strong>Messi<\/strong> para que medite la decisi\u00f3n que este ha tomado. En el entorno de la <em>Albiceleste<\/em> tienen fe en que <em>Lio<\/em> recapacite y al final vuelva a sonre\u00edr y comprenda que el haber fallado el primer penal que condicion\u00f3 la derrota de Argentina en la Final, no es m\u00e1s que parte de la crueldad que a veces tiene el futbol. &#8220;Messi lo dijo un poco caliente, creemos en que volver\u00e1&#8221;, apunt\u00f3 el portero Sergio Romero.<\/p>\n<p><strong>Lio<\/strong> llor\u00f3 amargamente la eliminaci\u00f3n de Argentina y conmocion\u00f3 al mundo con una postal en la que aparece al centro del campo, con el rostro cubierto de l\u00e1grimas mientras Sergio Ag\u00fcero lo miraba con tristeza. Despu\u00e9s de ello, se march\u00f3 y camino al vestuario fue cuando lanz\u00f3 la frase m\u00e1s inesperada: &#8220;Se acab\u00f3 para m\u00ed la selecci\u00f3n&#8221;.<\/p>\n<p style=\"text-align: center;\"><span style=\"color: #3366ff;\"><strong><a style=\"color: #3366ff;\" href=\"http:\/\/www.futboltotal.com.mx\/2016\/06\/argentina-se-debilita-sin-messi\/\">LEER M\u00c1S: Argentina se debilita sin Messi\u00a0<\/a><\/strong><\/span><\/p>\n<p>El pr\u00f3ximo 1 de septiembre es la fecha l\u00edmite para que Argentina convenza a Messi de volver. Ese d\u00eda se miden ante la selecci\u00f3n de Uruguay en una Fecha FIFA como parte de las eliminatorias mundialistas rumbo \u00a0Rusia 2018. Y cinco d\u00edas despu\u00e9s se medir\u00e1n ante Venezuela. Argentina por ahora\u00a0camina tercera con 11 puntos y est\u00e1 a tres puntos del l\u00edder Uruguay. Ante una clasificaci\u00f3n tan apretada, <strong>Lionel Messi<\/strong> ser\u00e1 vital para que Argentina no se desmorone y consiga ir a Rusia 2018, donde tendr\u00e1 una nueva oportunidad para llevar a Argentina a la Final, como lo hizo en esta Copa Am\u00e9rica y en el Mundial de Brasil 2014.<\/p>\n","protected":false},"excerpt":{"rendered":"<p>La AFA no quiere que Lio cuelgue la camiseta y se olvide de ir al Mundial de Rusia<\/p>\n","protected":false},"author":20,"featured_media":406833,"comment_status":"closed","ping_status":"closed","sticky":false,"template":"","format":"standard","meta":[],"categories":[5,3839,5951],"tags":[5996,2130,7224],"_links":{"self":[{"href":"http:\/\/desarrollo.grupomedios.com\/futbol\/wp-json\/wp\/v2\/posts\/406817"}],"collection":[{"href":"http:\/\/desarrollo.grupomedios.com\/futbol\/wp-json\/wp\/v2\/posts"}],"about":[{"href":"http:\/\/desarrollo.grupomedios.com\/futbol\/wp-json\/wp\/v2\/types\/post"}],"author":[{"embeddable":true,"href":"http:\/\/desarrollo.grupomedios.com\/futbol\/wp-json\/wp\/v2\/users\/20"}],"replies":[{"embeddable":true,"href":"http:\/\/desarrollo.grupomedios.com\/futbol\/wp-json\/wp\/v2\/comments?post=406817"}],"version-history":[{"count":0,"href":"http:\/\/desarrollo.grupomedios.com\/futbol\/wp-json\/wp\/v2\/posts\/406817\/revisions"}],"wp:featuredmedia":[{"embeddable":true,"href":"http:\/\/desarrollo.grupomedios.com\/futbol\/wp-json\/wp\/v2\/media\/406833"}],"wp:attachment":[{"href":"http:\/\/desarrollo.grupomedios.com\/futbol\/wp-json\/wp\/v2\/media?parent=406817"}],"wp:term":[{"taxonomy":"category","embeddable":true,"href":"http:\/\/desarrollo.grupomedios.com\/futbol\/wp-json\/wp\/v2\/categories?post=406817"},{"taxonomy":"post_tag","embeddable":true,"href":"http:\/\/desarrollo.grupomedios.com\/futbol\/wp-json\/wp\/v2\/tags?post=406817"}],"curies":[{"name":"wp","href":"https:\/\/api.w.org\/{rel}","templated":true}]}}