{"id":406853,"date":"2016-06-27T16:34:31","date_gmt":"2016-06-27T21:34:31","guid":{"rendered":"http:\/\/www.futboltotal.com.mx\/?p=406853"},"modified":"2016-06-27T16:36:09","modified_gmt":"2016-06-27T21:36:09","slug":"charlyn-corral-la-mejor-delantera-espana","status":"publish","type":"post","link":"http:\/\/desarrollo.grupomedios.com\/futbol\/futbol-internacional\/charlyn-corral-la-mejor-delantera-espana\/2016\/06","title":{"rendered":"Charlyn Corral, la mejor delantera de Espa\u00f1a"},"content":{"rendered":"<p><strong>Charlyn Corral<\/strong>, futbolista mexicana que milita en el Levante, fue considerada como la <strong>mejor delantera<\/strong> de la temporada 2015-16 en\u00a0la Liga Femenil de <strong>Espa\u00f1a<\/strong>.<\/p>\n<blockquote class=\"twitter-tweet\" data-lang=\"es\">\n<p dir=\"ltr\" lang=\"es\">\u00a1Vosotros lo hab\u00e9is elegido!<\/p>\n<p>As\u00ed queda el once ideal de la <a href=\"https:\/\/twitter.com\/hashtag\/PrimeraDivisi%C3%B3nFemenina?src=hash\">#PrimeraDivisi\u00f3nFemenina<\/a>: <a href=\"https:\/\/t.co\/avVn6vKwdT\">https:\/\/t.co\/avVn6vKwdT<\/a> <a href=\"https:\/\/t.co\/x0bfNhP1v6\">pic.twitter.com\/x0bfNhP1v6<\/a><\/p>\n<p>\u2014 LaLiga (@LaLiga) <a href=\"https:\/\/twitter.com\/LaLiga\/status\/747448094694899712\">27 de junio de 2016<\/a><\/p><\/blockquote>\n<p><script src=\"\/\/platform.twitter.com\/widgets.js\" async=\"\" charset=\"utf-8\"><\/script><\/p>\n<p>La elecci\u00f3n de las mejores 11 jugadoras de la temporada se dio a trav\u00e9s de la afici\u00f3n, que pudo emitir su voto en todas las posiciones.<\/p>\n<p>Un total de 17 mil 405 personas votaron, de los cuales dos mil 479 fueron para <strong>Charlyn Corral<\/strong>,\u00a0internacional\u00a0mexicana que fue una de las principales goleadoras de la temporada.<\/p>\n<p><span style=\"color: #3366ff;\"><strong><a style=\"color: #3366ff;\" href=\"http:\/\/www.futboltotal.com.mx\/2016\/06\/chicharito-al-estilo-beatles\/\">LEER M\u00c1S: Chicharito, al estilo de The Beatles<\/a><\/strong><\/span><\/p>\n<p>El once ideal fue est\u00e1 conformado por la costarricense Noelia Berm\u00fadez en la porter\u00eda, mientras que las espa\u00f1olas Irene Paredes, Cindy Garc\u00eda, Marta Torrej\u00f3n y Mar\u00eda Paz Vilas <em>Mapi<\/em>\u00a0se adue\u00f1aron de\u00a0la defensa.<\/p>\n<p>En tanto,\u00a0sus compatriotas Alexia Putellas, Estefania Lima y Mar\u00eda Jos\u00e9 ocupan la media cancha, mientras que en el ataque se ubican\u00a0<strong>Charlyn Corral<\/strong>, adem\u00e1s de las espa\u00f1olas Paloma L\u00e1zaro y Yulema Corres.<\/p>\n<blockquote class=\"twitter-tweet\" data-lang=\"es\"><p>\n\u00a1Que cierre de temporada! La delantera del <a href=\"https:\/\/twitter.com\/LUDFemenino\">@LUDFemenino<\/a> <a href=\"https:\/\/twitter.com\/CharlynCorral\">@CharlynCorral<\/a> fue votada como mejor atacante de <a href=\"https:\/\/twitter.com\/LaLiga\">@LaLiga<\/a> <a href=\"https:\/\/t.co\/HaUuQGTSYS\">pic.twitter.com\/HaUuQGTSYS<\/a><\/p>\n<p>\u2014 The Marketing Jersey (@mktjersey) <a href=\"https:\/\/twitter.com\/mktjersey\/status\/747506592564731904\">27 de junio de 2016<\/a>\n<\/p><\/blockquote>\n<p><script src=\"\/\/platform.twitter.com\/widgets.js\" async=\"\" charset=\"utf-8\"><\/script><\/p>\n","protected":false},"excerpt":{"rendered":"<p>La mexicana fue considerada en el 11 ideal de la temporada<\/p>\n","protected":false},"author":20,"featured_media":406857,"comment_status":"closed","ping_status":"closed","sticky":false,"template":"","format":"standard","meta":[],"categories":[3839,6718,5951],"tags":[4008,65,5979],"_links":{"self":[{"href":"http:\/\/desarrollo.grupomedios.com\/futbol\/wp-json\/wp\/v2\/posts\/406853"}],"collection":[{"href":"http:\/\/desarrollo.grupomedios.com\/futbol\/wp-json\/wp\/v2\/posts"}],"about":[{"href":"http:\/\/desarrollo.grupomedios.com\/futbol\/wp-json\/wp\/v2\/types\/post"}],"author":[{"embeddable":true,"href":"http:\/\/desarrollo.grupomedios.com\/futbol\/wp-json\/wp\/v2\/users\/20"}],"replies":[{"embeddable":true,"href":"http:\/\/desarrollo.grupomedios.com\/futbol\/wp-json\/wp\/v2\/comments?post=406853"}],"version-history":[{"count":0,"href":"http:\/\/desarrollo.grupomedios.com\/futbol\/wp-json\/wp\/v2\/posts\/406853\/revisions"}],"wp:featuredmedia":[{"embeddable":true,"href":"http:\/\/desarrollo.grupomedios.com\/futbol\/wp-json\/wp\/v2\/media\/406857"}],"wp:attachment":[{"href":"http:\/\/desarrollo.grupomedios.com\/futbol\/wp-json\/wp\/v2\/media?parent=406853"}],"wp:term":[{"taxonomy":"category","embeddable":true,"href":"http:\/\/desarrollo.grupomedios.com\/futbol\/wp-json\/wp\/v2\/categories?post=406853"},{"taxonomy":"post_tag","embeddable":true,"href":"http:\/\/desarrollo.grupomedios.com\/futbol\/wp-json\/wp\/v2\/tags?post=406853"}],"curies":[{"name":"wp","href":"https:\/\/api.w.org\/{rel}","templated":true}]}}