{"id":406867,"date":"2016-06-27T18:11:18","date_gmt":"2016-06-27T23:11:18","guid":{"rendered":"http:\/\/www.futboltotal.com.mx\/?p=406867"},"modified":"2016-06-27T18:11:18","modified_gmt":"2016-06-27T23:11:18","slug":"las-emociones-la-copa-america-2","status":"publish","type":"post","link":"http:\/\/desarrollo.grupomedios.com\/futbol\/videos\/las-emociones-la-copa-america-2\/2016\/06","title":{"rendered":"Las EMOCIONES de&#8230; la Copa Am\u00e9rica"},"content":{"rendered":"<p>Tras 24\u00a0d\u00edas de competici\u00f3n, 32 partidos disputados y m\u00e1s de 2,900 minutos de futbol, estas son las\u00a0<strong>emociones<\/strong>\u00a0que nos dej\u00f3 la\u00a0<strong>Copa Am\u00e9rica Centenario<\/strong>:<\/p>\n<p>[video_player]https:\/\/player.vimeo.com\/external\/172481368.hd.mp4?s=b2a7e5415ca157c931b8f4cb5ae76333ff7625c5&amp;profile_id=174[\/video_player]<\/p>\n","protected":false},"excerpt":{"rendered":"<p>Te presentamos lo que nos dej\u00f3 la justa continental<\/p>\n","protected":false},"author":20,"featured_media":406870,"comment_status":"closed","ping_status":"closed","sticky":false,"template":"","format":"standard","meta":[],"categories":[6950,3839,3847,4,6960],"tags":[2130,5979],"_links":{"self":[{"href":"http:\/\/desarrollo.grupomedios.com\/futbol\/wp-json\/wp\/v2\/posts\/406867"}],"collection":[{"href":"http:\/\/desarrollo.grupomedios.com\/futbol\/wp-json\/wp\/v2\/posts"}],"about":[{"href":"http:\/\/desarrollo.grupomedios.com\/futbol\/wp-json\/wp\/v2\/types\/post"}],"author":[{"embeddable":true,"href":"http:\/\/desarrollo.grupomedios.com\/futbol\/wp-json\/wp\/v2\/users\/20"}],"replies":[{"embeddable":true,"href":"http:\/\/desarrollo.grupomedios.com\/futbol\/wp-json\/wp\/v2\/comments?post=406867"}],"version-history":[{"count":0,"href":"http:\/\/desarrollo.grupomedios.com\/futbol\/wp-json\/wp\/v2\/posts\/406867\/revisions"}],"wp:featuredmedia":[{"embeddable":true,"href":"http:\/\/desarrollo.grupomedios.com\/futbol\/wp-json\/wp\/v2\/media\/406870"}],"wp:attachment":[{"href":"http:\/\/desarrollo.grupomedios.com\/futbol\/wp-json\/wp\/v2\/media?parent=406867"}],"wp:term":[{"taxonomy":"category","embeddable":true,"href":"http:\/\/desarrollo.grupomedios.com\/futbol\/wp-json\/wp\/v2\/categories?post=406867"},{"taxonomy":"post_tag","embeddable":true,"href":"http:\/\/desarrollo.grupomedios.com\/futbol\/wp-json\/wp\/v2\/tags?post=406867"}],"curies":[{"name":"wp","href":"https:\/\/api.w.org\/{rel}","templated":true}]}}