{"id":406876,"date":"2016-06-27T18:27:27","date_gmt":"2016-06-27T23:27:27","guid":{"rendered":"http:\/\/www.futboltotal.com.mx\/?p=406876"},"modified":"2016-06-27T18:27:27","modified_gmt":"2016-06-27T23:27:27","slug":"oficial-sampaoli-nuevo-entrenador-del-sevilla","status":"publish","type":"post","link":"http:\/\/desarrollo.grupomedios.com\/futbol\/futbol-internacional\/oficial-sampaoli-nuevo-entrenador-del-sevilla\/2016\/06","title":{"rendered":"OFICIAL: Sampaoli, nuevo entrenador del Sevilla"},"content":{"rendered":"<p>El t\u00e9cnico argentino <strong>Jorge Sampaoli <\/strong>se convirti\u00f3 este lunes en el nuevo entrenador del Sevilla de la Liga Espa\u00f1ola por las siguientes dos temporadas.<\/p>\n<p>El conjunto ib\u00e9rico confirm\u00f3 la llegada del estratega a trav\u00e9s de un comunicado al tiempo que anunci\u00f3 la salida del t\u00e9cnico antecesor Unai Emery, quien recientemente se coron\u00f3 bicampe\u00f3n de la UEFA Europa League al doblegar al Liverpool del futbol ingl\u00e9s con un marcador de 3-1.<\/p>\n<p style=\"text-align: center;\"><strong><span style=\"color: #3366ff;\"><a style=\"color: #3366ff;\" href=\"http:\/\/www.futboltotal.com.mx\/2016\/06\/laurent-blanc-recibe-suculento-finiquito\/\">LEER M\u00c1S: Unai Emery, nuevo entrenador del PSG<\/a><\/span><\/strong><\/p>\n<blockquote class=\"twitter-tweet\" data-lang=\"es\">\n<p dir=\"ltr\" lang=\"es\">Jorge Sampaoli firma por dos temporadas con el <a href=\"https:\/\/twitter.com\/hashtag\/SevillaFC?src=hash\">#SevillaFC<\/a> <a href=\"https:\/\/t.co\/0XAGVgkpcf\">https:\/\/t.co\/0XAGVgkpcf<\/a> <a href=\"https:\/\/t.co\/zxAAQZl5Ni\">pic.twitter.com\/zxAAQZl5Ni<\/a><\/p>\n<p>\u2014 Sevilla F\u00fatbol Club (@SevillaFC) <a href=\"https:\/\/twitter.com\/SevillaFC\/status\/747525284094689281\">27 de junio de 2016<\/a><\/p><\/blockquote>\n<p><script src=\"\/\/platform.twitter.com\/widgets.js\" async=\"\" charset=\"utf-8\"><\/script><\/p>\n<p><strong>Sampaoli<\/strong> se enfrentar\u00e1 a su primera experiencia en el futbol europeo, pues anteriormente dirig\u00eda en equipos de Sudam\u00e9rica: Juan Aurich, Universidad Cat\u00f3lica de Chile y en forma reciente a la selecci\u00f3n nacional de Chile, con la que hizo un notable papel en el pasado mundial de Brasil 2014 al llegar a los octavos de final contra la selecci\u00f3n anfitriona.<\/p>\n<p>El verano siguiente, <strong>Jorge Sampaoli<\/strong> gui\u00f3 a Chile, selecci\u00f3n anfitriona de la edici\u00f3n 2015 de la Copa Am\u00e9rica, a la disputa del trofeo continental en la gran final contra Argentina, gan\u00e1ndola en una emocionante serie de penaltis, y siendo el primer trofeo oficial en la historia del conjunto andino.<\/p>\n<p>El estilo ofensivo del t\u00e9cnico argentino le valieron para que el <strong>Sevilla<\/strong> se interesara en sus servicios y para lograr mantener el nivel mostrado en la anterior campa\u00f1a en la Liga BBVA donde se posicionaron en el s\u00e9ptimo lugar.<\/p>\n","protected":false},"excerpt":{"rendered":"<p>El estratega chileno firm\u00f3 contrato por dos temporadas <\/p>\n","protected":false},"author":20,"featured_media":406877,"comment_status":"closed","ping_status":"closed","sticky":false,"template":"","format":"standard","meta":[],"categories":[3839,3844,5951],"tags":[76,5856,49],"_links":{"self":[{"href":"http:\/\/desarrollo.grupomedios.com\/futbol\/wp-json\/wp\/v2\/posts\/406876"}],"collection":[{"href":"http:\/\/desarrollo.grupomedios.com\/futbol\/wp-json\/wp\/v2\/posts"}],"about":[{"href":"http:\/\/desarrollo.grupomedios.com\/futbol\/wp-json\/wp\/v2\/types\/post"}],"author":[{"embeddable":true,"href":"http:\/\/desarrollo.grupomedios.com\/futbol\/wp-json\/wp\/v2\/users\/20"}],"replies":[{"embeddable":true,"href":"http:\/\/desarrollo.grupomedios.com\/futbol\/wp-json\/wp\/v2\/comments?post=406876"}],"version-history":[{"count":0,"href":"http:\/\/desarrollo.grupomedios.com\/futbol\/wp-json\/wp\/v2\/posts\/406876\/revisions"}],"wp:featuredmedia":[{"embeddable":true,"href":"http:\/\/desarrollo.grupomedios.com\/futbol\/wp-json\/wp\/v2\/media\/406877"}],"wp:attachment":[{"href":"http:\/\/desarrollo.grupomedios.com\/futbol\/wp-json\/wp\/v2\/media?parent=406876"}],"wp:term":[{"taxonomy":"category","embeddable":true,"href":"http:\/\/desarrollo.grupomedios.com\/futbol\/wp-json\/wp\/v2\/categories?post=406876"},{"taxonomy":"post_tag","embeddable":true,"href":"http:\/\/desarrollo.grupomedios.com\/futbol\/wp-json\/wp\/v2\/tags?post=406876"}],"curies":[{"name":"wp","href":"https:\/\/api.w.org\/{rel}","templated":true}]}}