{"id":406887,"date":"2016-06-27T21:11:13","date_gmt":"2016-06-28T02:11:13","guid":{"rendered":"http:\/\/www.futboltotal.com.mx\/?p=406887"},"modified":"2016-06-27T21:11:13","modified_gmt":"2016-06-28T02:11:13","slug":"filtran-camiseta-visitante-del-america","status":"publish","type":"post","link":"http:\/\/desarrollo.grupomedios.com\/futbol\/futbol-mexicano\/filtran-camiseta-visitante-del-america\/2016\/06","title":{"rendered":"\u00a1Filtran camiseta de visitante del Am\u00e9rica!"},"content":{"rendered":"<p>A falta de tres semanas para que arranque el torneo <strong>Apertura 2016<\/strong>, las<em> \u00c1guilas<\/em> del<strong> Am\u00e9rica<\/strong> ya tienen en el horno otra camiseta de visitante que \u00a0utilizar\u00e1n para el certamen en el cual celebrar\u00e1n su centenario.<\/p>\n<p>Despu\u00e9s de haber presentado el uniforme conmemorativo en color vino, parece que ha llegado el turno de revelar una el\u00e1stica en color azul el\u00e9ctrico que utilizar\u00e1n para la disputa de partidos internacionales, entre ellos el Mundial de Clubes 2016.<\/p>\n<p style=\"text-align: center;\"><strong><span style=\"color: #3366ff;\"><a style=\"color: #3366ff;\" href=\"http:\/\/www.futboltotal.com.mx\/2016\/05\/torino-fc-agradece-al-america-uniforme\/\">LEER M\u00c1S: Am\u00e9rica tiene nuevo uniforme centenario<\/a><\/span><\/strong><\/p>\n<p><img decoding=\"async\" loading=\"lazy\" class=\"alignnone size-full wp-image-406888\" src=\"http:\/\/www.futboltotal.com.mx\/wp-content\/uploads\/2016\/06\/camiseta-america-1.jpg\" alt=\"camiseta america 1\" srcset=\"http:\/\/desarrollo.grupomedios.com\/futbol\/wp-content\/uploads\/2016\/06\/camiseta-america-1.jpg 720w, http:\/\/desarrollo.grupomedios.com\/futbol\/wp-content\/uploads\/2016\/06\/camiseta-america-1-300x225.jpg 300w\" sizes=\"(max-width: 720px) 100vw, 720px\" \/><\/p>\n<p>La camiseta tiene como principal caracter\u00edstica un cuello tipo &#8220;V&#8221; y en los costados un par de franjas en color blanco, mientras en la parte superior izquierda conserva el logo del club con la frase &#8220;Centenario de Leyenda&#8221; en la misma tonalidad. \u00bfQu\u00e9 les parece el dise\u00f1o de la el\u00e1stica?<\/p>\n<p><a href=\"http:\/\/www.futboltotal.com.mx\/wp-content\/uploads\/2016\/06\/camiseta-america-2.jpg\"><img decoding=\"async\" loading=\"lazy\" class=\"alignnone size-full wp-image-406889\" src=\"http:\/\/www.futboltotal.com.mx\/wp-content\/uploads\/2016\/06\/camiseta-america-2.jpg\" alt=\"camiseta america 2\" srcset=\"http:\/\/desarrollo.grupomedios.com\/futbol\/wp-content\/uploads\/2016\/06\/camiseta-america-2.jpg 720w, http:\/\/desarrollo.grupomedios.com\/futbol\/wp-content\/uploads\/2016\/06\/camiseta-america-2-300x225.jpg 300w\" sizes=\"(max-width: 720px) 100vw, 720px\" \/><\/a><\/p>\n","protected":false},"excerpt":{"rendered":"<p>Las \u00c1guilas tienen otro uniforme para conmemorar el a\u00f1o de su centenario <\/p>\n","protected":false},"author":20,"featured_media":406890,"comment_status":"closed","ping_status":"closed","sticky":false,"template":"","format":"standard","meta":[],"categories":[2198,3845,5950],"tags":[5959,6927],"_links":{"self":[{"href":"http:\/\/desarrollo.grupomedios.com\/futbol\/wp-json\/wp\/v2\/posts\/406887"}],"collection":[{"href":"http:\/\/desarrollo.grupomedios.com\/futbol\/wp-json\/wp\/v2\/posts"}],"about":[{"href":"http:\/\/desarrollo.grupomedios.com\/futbol\/wp-json\/wp\/v2\/types\/post"}],"author":[{"embeddable":true,"href":"http:\/\/desarrollo.grupomedios.com\/futbol\/wp-json\/wp\/v2\/users\/20"}],"replies":[{"embeddable":true,"href":"http:\/\/desarrollo.grupomedios.com\/futbol\/wp-json\/wp\/v2\/comments?post=406887"}],"version-history":[{"count":0,"href":"http:\/\/desarrollo.grupomedios.com\/futbol\/wp-json\/wp\/v2\/posts\/406887\/revisions"}],"wp:featuredmedia":[{"embeddable":true,"href":"http:\/\/desarrollo.grupomedios.com\/futbol\/wp-json\/wp\/v2\/media\/406890"}],"wp:attachment":[{"href":"http:\/\/desarrollo.grupomedios.com\/futbol\/wp-json\/wp\/v2\/media?parent=406887"}],"wp:term":[{"taxonomy":"category","embeddable":true,"href":"http:\/\/desarrollo.grupomedios.com\/futbol\/wp-json\/wp\/v2\/categories?post=406887"},{"taxonomy":"post_tag","embeddable":true,"href":"http:\/\/desarrollo.grupomedios.com\/futbol\/wp-json\/wp\/v2\/tags?post=406887"}],"curies":[{"name":"wp","href":"https:\/\/api.w.org\/{rel}","templated":true}]}}