{"id":406922,"date":"2016-06-28T11:05:17","date_gmt":"2016-06-28T16:05:17","guid":{"rendered":"http:\/\/www.futboltotal.com.mx\/?p=406922"},"modified":"2016-06-28T11:34:49","modified_gmt":"2016-06-28T16:34:49","slug":"dani-alves-fue-presentado-la-juventus","status":"publish","type":"post","link":"http:\/\/desarrollo.grupomedios.com\/futbol\/futbol-internacional\/dani-alves-fue-presentado-la-juventus\/2016\/06","title":{"rendered":"Dani Alves fue presentado con la Juve"},"content":{"rendered":"<p>El lateral brasile\u00f1o, <strong>Dani Alves<\/strong>, fue presentado este martes con la <strong>Juventus<\/strong>, donde firm\u00f3 su contrato y ofreci\u00f3 una conferencia de prensa e indic\u00f3 los motivos por los que sali\u00f3 del Barcelona, adem\u00e1s de sus expectativas en\u00a0Italia.<\/p>\n<blockquote class=\"twitter-tweet\" data-lang=\"es\">\n<p dir=\"ltr\" lang=\"es\">\u00a1\u00a1\u00a1Un RT de <a href=\"https:\/\/twitter.com\/hashtag\/BemVindoDani?src=hash\">#BemVindoDani<\/a> para nuestro n\u00famero 23: <a href=\"https:\/\/twitter.com\/DaniAlvesD2\">@DaniAlvesD2<\/a>!!! \u26aa\u26ab <a href=\"https:\/\/t.co\/ThdpaqKXeR\">pic.twitter.com\/ThdpaqKXeR<\/a><\/p>\n<p>\u2014 JuventusFC (@juventusfces) <a href=\"https:\/\/twitter.com\/juventusfces\/status\/747701659015483392\">28 de junio de 2016<\/a><\/p><\/blockquote>\n<p><script src=\"\/\/platform.twitter.com\/widgets.js\" async=\"\" charset=\"utf-8\"><\/script><\/p>\n<p>&#8220;No hay un momento exacto en el que tomas la decisi\u00f3n. El Bar\u00e7a es un equipo con una historia incre\u00edble, me considero un privilegiado de haber formado parte de ella. Pero todas las historias tienen un final y cada uno debe elegir cu\u00e1ndo llega el soyo. Quer\u00eda escribir mi propia historia y ser yo quien decidiera cuando se acababa mi etapa en el Bar\u00e7a&#8221;, coment\u00f3.<\/p>\n<p><strong>Alves<\/strong> tambi\u00e9n habl\u00f3 sobre su llegada a la <strong>Juventus<\/strong>, donde buscar\u00e1 m\u00e1s &#8220;un reto personal&#8221;\u00a0para salir de esa zona de confort donde a veces se sent\u00eda en Barcelona.<\/p>\n<p>&#8220;Vengo con la ilusi\u00f3n de reinventarme, no quiero hacer siempre lo mismo. Agradezco a la <em>Juve<\/em> por darme la oportunidad de vivir una experiencia as\u00ed, nos vamos a divertir&#8221;, expres\u00f3 el brasile\u00f1o, quien tambi\u00e9n asegur\u00f3 buscar ganar la Champions League con el conjunto italiano, pues espera ser parte de ese sue\u00f1o que tienen \u00e9l y el club.<\/p>\n<p>&#8220;La <strong>Juventus<\/strong> me va a permitir convertir un sue\u00f1o en realidad y quiero ayudarles a cumplir el suyo que es ganar la Champions. Son l\u00edderes en Italia y desde hace a\u00f1os\u00a0les falta Europa. Tienen jugadores y una historia importante y quiero ser parte de ella&#8221;.<\/p>\n<p><span style=\"color: #3366ff;\">LEER M\u00c1S:\u00a0<a style=\"color: #3366ff;\" href=\"http:\/\/www.futboltotal.com.mx\/2016\/06\/oficial-sampaoli-nuevo-entrenador-del-sevilla\/\">OFICIAL: Sampaoli, nuevo entrenador del Sevilla<\/a><\/span><\/p>\n<p>As\u00ed como en el Barcelona luci\u00f3 el n\u00famero 6 por honor a Xavi Hern\u00e1ndez, esta vez <strong>Dani Alves<\/strong> portar\u00e1 el n\u00famero 23 en homenaje al basquetbolista LeBron James.<\/p>\n<p>&#8220;Me identifico con \u00e9l porque se ha reiventado y ha vuelto a ganar. Yo tambi\u00e9n cambio de equipo, ciudad, pa\u00eds\u00a0y tipo de futbol y me tengo que reinventar&#8221;, expres\u00f3.<\/p>\n<blockquote class=\"twitter-tweet\" data-lang=\"es\"><p>\n\u00a1\u00a1\u00a1Ya me siento como en casa!!! <a href=\"https:\/\/twitter.com\/hashtag\/BemVindoDani?src=hash\">#BemVindoDani<\/a> <a href=\"https:\/\/t.co\/DsfroFlBsW\">pic.twitter.com\/DsfroFlBsW<\/a><\/p>\n<p>\u2014 JuventusFC (@juventusfces) <a href=\"https:\/\/twitter.com\/juventusfces\/status\/747709693259354112\">28 de junio de 2016<\/a>\n<\/p><\/blockquote>\n<p><script src=\"\/\/platform.twitter.com\/widgets.js\" async=\"\" charset=\"utf-8\"><\/script><\/p>\n","protected":false},"excerpt":{"rendered":"<p>Asegur\u00f3 que buscar\u00e1 ganar la Champions League con los italianos<\/p>\n","protected":false},"author":20,"featured_media":406923,"comment_status":"closed","ping_status":"closed","sticky":false,"template":"","format":"standard","meta":[],"categories":[3839,3848,5951],"tags":[5983,5999],"_links":{"self":[{"href":"http:\/\/desarrollo.grupomedios.com\/futbol\/wp-json\/wp\/v2\/posts\/406922"}],"collection":[{"href":"http:\/\/desarrollo.grupomedios.com\/futbol\/wp-json\/wp\/v2\/posts"}],"about":[{"href":"http:\/\/desarrollo.grupomedios.com\/futbol\/wp-json\/wp\/v2\/types\/post"}],"author":[{"embeddable":true,"href":"http:\/\/desarrollo.grupomedios.com\/futbol\/wp-json\/wp\/v2\/users\/20"}],"replies":[{"embeddable":true,"href":"http:\/\/desarrollo.grupomedios.com\/futbol\/wp-json\/wp\/v2\/comments?post=406922"}],"version-history":[{"count":0,"href":"http:\/\/desarrollo.grupomedios.com\/futbol\/wp-json\/wp\/v2\/posts\/406922\/revisions"}],"wp:featuredmedia":[{"embeddable":true,"href":"http:\/\/desarrollo.grupomedios.com\/futbol\/wp-json\/wp\/v2\/media\/406923"}],"wp:attachment":[{"href":"http:\/\/desarrollo.grupomedios.com\/futbol\/wp-json\/wp\/v2\/media?parent=406922"}],"wp:term":[{"taxonomy":"category","embeddable":true,"href":"http:\/\/desarrollo.grupomedios.com\/futbol\/wp-json\/wp\/v2\/categories?post=406922"},{"taxonomy":"post_tag","embeddable":true,"href":"http:\/\/desarrollo.grupomedios.com\/futbol\/wp-json\/wp\/v2\/tags?post=406922"}],"curies":[{"name":"wp","href":"https:\/\/api.w.org\/{rel}","templated":true}]}}