{"id":406947,"date":"2016-06-28T12:02:43","date_gmt":"2016-06-28T17:02:43","guid":{"rendered":"http:\/\/www.futboltotal.com.mx\/?p=406947"},"modified":"2016-06-28T12:25:26","modified_gmt":"2016-06-28T17:25:26","slug":"tigres-en-busca-de-nuevo-delantero-frances","status":"publish","type":"post","link":"http:\/\/desarrollo.grupomedios.com\/futbol\/futbol-mexicano\/tigres-en-busca-de-nuevo-delantero-frances\/2016\/06","title":{"rendered":"\u00a1Tigres prepara otra bomba francesa para su delantera!"},"content":{"rendered":"<p>A <span style=\"color: #ff0000;\"><a style=\"color: #ff0000;\" href=\"http:\/\/futboltotal.com.xm\/equipos\/tigres\/\">Tigres<\/a><\/span> no le bast\u00f3 con llevarse a la bomba del Draft de la Liga MX y ahora van por la bomba internacional, pues seg\u00fan medios regios, los felinos ir\u00e1n por el delantero franc\u00e9s <strong>Andy Delort<\/strong> como pr\u00f3ximo refuerzo para el Apertura 2016.<\/p>\n<p>Seg\u00fan Roberto Hern\u00e1ndez, conductor de Multimedios en Monterrey, parte del equipo de Ricardo Ferretti se encuentra en Francia para buscar los servicios del delantero del Stade Malherbe Caen de la Ligue 1.<\/p>\n<p><iframe loading=\"lazy\" src=\"https:\/\/www.youtube.com\/embed\/tGE1vzLYQKY\" frameborder=\"0\" allowfullscreen=\"allowfullscreen\"><\/iframe><\/p>\n<p>As\u00ed, el jugador de 24 a\u00f1os se une a Mathieu Valbuena como posible refuerzo de los felinos\u00a0rumbo al Apertura 2016, pues hace unos d\u00edas el jugador del Olympique de Lyon sigui\u00f3 la cuenta de Instagram de <strong>Tigres.<\/strong><\/p>\n<p style=\"text-align: center;\"><span style=\"color: #3366ff;\">LEER M\u00c1S:\u00a0<a style=\"color: #3366ff;\" href=\"http:\/\/www.futboltotal.com.mx\/2016\/06\/juan-aurich-apoya-al-veracruz-en-batalla-pedro-gallese\/\">Veracruz toma ventaja ante Tigres por Gallese<\/a><\/span><\/p>\n<p>Por su parte, <strong>Andy Delor<\/strong>t buscar\u00e1 encontrar su lugar en el futbol mexicano, pues debut\u00f3 con Francia Sub 20 en el 2011 y ha pasado por equipos como el Ajaccio.<br \/>\nEl atacante de 24 a\u00f1os debut\u00f3 con la selecci\u00f3n gala Sub-20 en el 2011 y a\u00fan no logra encontrar estabilidad en su carrera, pues ha vestido seis camisetas diferentes.<\/p>\n","protected":false},"excerpt":{"rendered":"<p>Los felinos ir\u00e1n por el nuevo compa\u00f1ero de Gignac<\/p>\n","protected":false},"author":20,"featured_media":406957,"comment_status":"closed","ping_status":"closed","sticky":false,"template":"","format":"standard","meta":[],"categories":[2198,3845,5950],"tags":[64,5973],"_links":{"self":[{"href":"http:\/\/desarrollo.grupomedios.com\/futbol\/wp-json\/wp\/v2\/posts\/406947"}],"collection":[{"href":"http:\/\/desarrollo.grupomedios.com\/futbol\/wp-json\/wp\/v2\/posts"}],"about":[{"href":"http:\/\/desarrollo.grupomedios.com\/futbol\/wp-json\/wp\/v2\/types\/post"}],"author":[{"embeddable":true,"href":"http:\/\/desarrollo.grupomedios.com\/futbol\/wp-json\/wp\/v2\/users\/20"}],"replies":[{"embeddable":true,"href":"http:\/\/desarrollo.grupomedios.com\/futbol\/wp-json\/wp\/v2\/comments?post=406947"}],"version-history":[{"count":0,"href":"http:\/\/desarrollo.grupomedios.com\/futbol\/wp-json\/wp\/v2\/posts\/406947\/revisions"}],"wp:featuredmedia":[{"embeddable":true,"href":"http:\/\/desarrollo.grupomedios.com\/futbol\/wp-json\/wp\/v2\/media\/406957"}],"wp:attachment":[{"href":"http:\/\/desarrollo.grupomedios.com\/futbol\/wp-json\/wp\/v2\/media?parent=406947"}],"wp:term":[{"taxonomy":"category","embeddable":true,"href":"http:\/\/desarrollo.grupomedios.com\/futbol\/wp-json\/wp\/v2\/categories?post=406947"},{"taxonomy":"post_tag","embeddable":true,"href":"http:\/\/desarrollo.grupomedios.com\/futbol\/wp-json\/wp\/v2\/tags?post=406947"}],"curies":[{"name":"wp","href":"https:\/\/api.w.org\/{rel}","templated":true}]}}