{"id":406948,"date":"2016-06-28T11:50:02","date_gmt":"2016-06-28T16:50:02","guid":{"rendered":"http:\/\/www.futboltotal.com.mx\/?p=406948"},"modified":"2016-06-28T11:55:37","modified_gmt":"2016-06-28T16:55:37","slug":"chaco-gimenez-dice-argentina-mundo-pierden-renuncia-messi","status":"publish","type":"post","link":"http:\/\/desarrollo.grupomedios.com\/futbol\/futbol-mexicano\/chaco-gimenez-dice-argentina-mundo-pierden-renuncia-messi\/2016\/06","title":{"rendered":"Decisi\u00f3n de Messi, hiere al futbol: Chaco"},"content":{"rendered":"<p>El delantero argentino <strong>Christian Chaco Gim\u00e9nez<\/strong>, del <a href=\"http:\/\/www.futboltotal.com.mx\/equipos\/cruz-azul\/\" target=\"_blank\"><strong>Cruz Azul<\/strong><\/a> mexicano, afirm\u00f3 hoy que Argentina y el mundo pierden con el anuncio de <strong>Lionel Messi<\/strong> de dejar la selecci\u00f3n de su pa\u00eds, seg\u00fan indic\u00f3 tras la final de la <a href=\"http:\/\/www.futboltotal.com.mx\/copa-america-2016\/\"><strong>Copa Am\u00e9rica Centenario<\/strong><\/a>.<\/p>\n<p>&#8220;Yo creo que no solo pierde Argentina, pierde el mundo&#8221;, dijo Gim\u00e9nez a la prensa mexicana, antes de viajar este d\u00eda con el <strong>Cruz Azul<\/strong> a Los \u00c1ngeles, California, donde iniciar\u00e1 una gira de partidos amistosos.<\/p>\n<p>Messi expres\u00f3 su deseo de no jugar m\u00e1s para Argentina, tras la derrota ante Chile en los penaltis en la final de la Copa Am\u00e9rica Centenario, que se disput\u00f3 del 3 al 26 de junio en Estados Unidos.<\/p>\n<p style=\"text-align: center;\"><span style=\"color: #3366ff;\"><a style=\"color: #3366ff;\" href=\"http:\/\/www.futboltotal.com.mx\/2016\/06\/convocan-a-marcha-en-argentina-evitar-retiro-lionel-messi\/\" target=\"_blank\"><strong>LEER M\u00c1S: Convocan a marcha para recuperar a Messi<\/strong><\/a><\/span><\/p>\n<p>Exseleccionado de su pa\u00eds, Gim\u00e9nez se\u00f1al\u00f3 que le parece una tristeza que <strong>Lionel Messi<\/strong> no reciba en Argentina el reconocimiento que se merece, y que, en su opini\u00f3n, se le otorga en otros pa\u00edses.<\/p>\n<p>&#8220;La verdad, muy triste la situaci\u00f3n que no sepamos valorar, creo que en otros pa\u00edses lo valoran m\u00e1s que en Argentina&#8221;, abund\u00f3 el jugador argentino.<\/p>\n<p>El <strong>Chaco<\/strong> consider\u00f3 como positivo que Messi se tome un descanso, pero le recomend\u00f3 no rendirse porque &#8220;los grandes como \u00e9l nos ense\u00f1an que nunca hay que bajar los brazos&#8221;.<\/p>\n<p>El <strong>Cruz Azul<\/strong> disputar\u00e1 partidos amistosos en Los \u00c1ngeles,California, el 29 de junio; en Houston, Texas, el 3 de julio; y en Dallas, Texas, el 6 de julio.<\/p>\n<p><span style=\"color: #ff0000;\">VIDEO: 10 momentos de Copa Am\u00e9rica<\/span><\/p>\n<p>[video_player]https:\/\/player.vimeo.com\/external\/172478131.hd.mp4?s=c93dee818f4df58beff1d2da4a837d3c9fa3b03f&amp;profile_id=174[\/video_player]<\/p>\n","protected":false},"excerpt":{"rendered":"<p>El mexico-argentino cree que el retiro de Lio afecta a todos<\/p>\n","protected":false},"author":144,"featured_media":406950,"comment_status":"closed","ping_status":"closed","sticky":false,"template":"","format":"standard","meta":[],"categories":[3839,2198,3845,5950],"tags":[5998,5962,6012],"_links":{"self":[{"href":"http:\/\/desarrollo.grupomedios.com\/futbol\/wp-json\/wp\/v2\/posts\/406948"}],"collection":[{"href":"http:\/\/desarrollo.grupomedios.com\/futbol\/wp-json\/wp\/v2\/posts"}],"about":[{"href":"http:\/\/desarrollo.grupomedios.com\/futbol\/wp-json\/wp\/v2\/types\/post"}],"author":[{"embeddable":true,"href":"http:\/\/desarrollo.grupomedios.com\/futbol\/wp-json\/wp\/v2\/users\/144"}],"replies":[{"embeddable":true,"href":"http:\/\/desarrollo.grupomedios.com\/futbol\/wp-json\/wp\/v2\/comments?post=406948"}],"version-history":[{"count":0,"href":"http:\/\/desarrollo.grupomedios.com\/futbol\/wp-json\/wp\/v2\/posts\/406948\/revisions"}],"wp:featuredmedia":[{"embeddable":true,"href":"http:\/\/desarrollo.grupomedios.com\/futbol\/wp-json\/wp\/v2\/media\/406950"}],"wp:attachment":[{"href":"http:\/\/desarrollo.grupomedios.com\/futbol\/wp-json\/wp\/v2\/media?parent=406948"}],"wp:term":[{"taxonomy":"category","embeddable":true,"href":"http:\/\/desarrollo.grupomedios.com\/futbol\/wp-json\/wp\/v2\/categories?post=406948"},{"taxonomy":"post_tag","embeddable":true,"href":"http:\/\/desarrollo.grupomedios.com\/futbol\/wp-json\/wp\/v2\/tags?post=406948"}],"curies":[{"name":"wp","href":"https:\/\/api.w.org\/{rel}","templated":true}]}}