{"id":406960,"date":"2016-06-28T12:20:30","date_gmt":"2016-06-28T17:20:30","guid":{"rendered":"http:\/\/www.futboltotal.com.mx\/?p=406960"},"modified":"2016-06-28T12:23:14","modified_gmt":"2016-06-28T17:23:14","slug":"dos-campeones-chilenos-llegan-a-cruz-azul","status":"publish","type":"post","link":"http:\/\/desarrollo.grupomedios.com\/futbol\/futbol-mexicano\/dos-campeones-chilenos-llegan-a-cruz-azul\/2016\/06","title":{"rendered":"Dos campeones chilenos llegan a Cruz Azul"},"content":{"rendered":"<p><a href=\"http:\/\/www.futboltotal.com.mx\/equipos\/cruz-azul\/\"><strong>Cruz Azul<\/strong><\/a> sum\u00f3 dos refuerzos de cara al Apertura 2016. Se trata de los <strong>chilenos Francisco Silva<\/strong> y <strong>Enzo Roco<\/strong>, flamantes campeones de la Copa Am\u00e9rica Centenario.<\/p>\n<p>\u201cVienen jugadores importantes, seleccionados nacionales de Chile (<strong>Silva<\/strong> y <strong>Roco<\/strong>)\u201d, dijo Tom\u00e1s Boy, entrenador de la <em>M\u00e1quina<\/em>. \u201cS\u00ed que me da mucho gusto que haya metido el penalti, que fue uno muy importante, el decisivo&#8221;, agreg\u00f3 el <em>Jefe<\/em> sobre el <em>Gato<\/em> <strong>Silva<\/strong>, el encargado de cerrar la tanda de penales en la Final ante Argentina.<\/p>\n<p style=\"text-align: center;\"><span style=\"color: #3366ff;\"><strong><a style=\"color: #3366ff;\" href=\"http:\/\/www.futboltotal.com.mx\/2016\/06\/jonathan-cristaldo-a-paso-del-cruz-azul\/\">LEER M\u00c1S: Cristaldo, a un paso del Cruz Azul<\/a><\/strong><\/span><\/p>\n<p><strong>Francisco Silva<\/strong>, volante de contenci\u00f3n, llega procedente de <em>Jaguares<\/em> de Chiapas, mientras que <strong>Enzo Roco<\/strong>, defensa central, viene del Espanyol.<\/p>\n<p>&#8220;Estamos muy contentos porque <strong>Enzo<\/strong> viene con una buena edad (23 a\u00f1os), viene de jugar de titular con el Espanyol de Barcelona, fue muy regular y esperemos que aqu\u00ed crezca. Y lo de <strong>Silva<\/strong>, ya est\u00e1 probado en el futbol mexicano&#8221;, apunt\u00f3 Eduardo de la Torre, director deportivo de <strong>Cruz Azul<\/strong>.<\/p>\n<blockquote class=\"twitter-tweet\" data-lang=\"es\">\n<p dir=\"ltr\" lang=\"fr\">| <a href=\"https:\/\/twitter.com\/Cruz_Azul_FC\">@cruz_azul_fc<\/a> vs <a href=\"https:\/\/twitter.com\/Xolos\">@xolos<\/a> June 29th 8:00 PM L.A. COLISEUM &#8211;&gt; <a href=\"https:\/\/t.co\/UEzdoBKhfW\">https:\/\/t.co\/UEzdoBKhfW<\/a> <a href=\"https:\/\/twitter.com\/hashtag\/SocioMX?src=hash\">#SocioMX<\/a> <a href=\"https:\/\/t.co\/rAZsbYM4l9\">pic.twitter.com\/rAZsbYM4l9<\/a><\/p>\n<p>\u2014 CRUZ AZUL FC \u00ae (@Cruz_Azul_FC) <a href=\"https:\/\/twitter.com\/Cruz_Azul_FC\/status\/740238837608292352\">7 de junio de 2016<\/a><\/p><\/blockquote>\n<p><script src=\"\/\/platform.twitter.com\/widgets.js\" async=\"\" charset=\"utf-8\"><\/script><\/p>\n<p>&#8220;Tendr\u00e1n que adaptarse r\u00e1pido. Estamos muy contentos, logramos una estructura y acabar\u00e1n de redondear&#8221;, agreg\u00f3 el <em>Yayo <\/em>este martes.<\/p>\n<p>En tanto, el dirigente de <a href=\"http:\/\/www.futboltotal.com.mx\/equipos\/cruz-azul\/\"><strong>Cruz Azul<\/strong><\/a> reconoci\u00f3 que el delantero argentino Jonathan Cristaldo si es opci\u00f3n para la <em>M\u00e1quina<\/em> de cara al Apertura 2016.<\/p>\n","protected":false},"excerpt":{"rendered":"<p>La M\u00e1quina suma un par de refuerzos de cara al Apertura 2016<\/p>\n","protected":false},"author":20,"featured_media":406961,"comment_status":"closed","ping_status":"closed","sticky":false,"template":"","format":"standard","meta":[],"categories":[2198,3845,5950],"tags":[5962],"_links":{"self":[{"href":"http:\/\/desarrollo.grupomedios.com\/futbol\/wp-json\/wp\/v2\/posts\/406960"}],"collection":[{"href":"http:\/\/desarrollo.grupomedios.com\/futbol\/wp-json\/wp\/v2\/posts"}],"about":[{"href":"http:\/\/desarrollo.grupomedios.com\/futbol\/wp-json\/wp\/v2\/types\/post"}],"author":[{"embeddable":true,"href":"http:\/\/desarrollo.grupomedios.com\/futbol\/wp-json\/wp\/v2\/users\/20"}],"replies":[{"embeddable":true,"href":"http:\/\/desarrollo.grupomedios.com\/futbol\/wp-json\/wp\/v2\/comments?post=406960"}],"version-history":[{"count":0,"href":"http:\/\/desarrollo.grupomedios.com\/futbol\/wp-json\/wp\/v2\/posts\/406960\/revisions"}],"wp:featuredmedia":[{"embeddable":true,"href":"http:\/\/desarrollo.grupomedios.com\/futbol\/wp-json\/wp\/v2\/media\/406961"}],"wp:attachment":[{"href":"http:\/\/desarrollo.grupomedios.com\/futbol\/wp-json\/wp\/v2\/media?parent=406960"}],"wp:term":[{"taxonomy":"category","embeddable":true,"href":"http:\/\/desarrollo.grupomedios.com\/futbol\/wp-json\/wp\/v2\/categories?post=406960"},{"taxonomy":"post_tag","embeddable":true,"href":"http:\/\/desarrollo.grupomedios.com\/futbol\/wp-json\/wp\/v2\/tags?post=406960"}],"curies":[{"name":"wp","href":"https:\/\/api.w.org\/{rel}","templated":true}]}}