{"id":406968,"date":"2016-06-28T12:53:06","date_gmt":"2016-06-28T17:53:06","guid":{"rendered":"http:\/\/www.futboltotal.com.mx\/?p=406968"},"modified":"2016-06-28T12:53:08","modified_gmt":"2016-06-28T17:53:08","slug":"gallito-tunde-al-america-a-pulido","status":"publish","type":"post","link":"http:\/\/desarrollo.grupomedios.com\/futbol\/futbol-mexicano\/gallito-tunde-al-america-a-pulido\/2016\/06","title":{"rendered":"\u00bf\u00a1Gallito tunde al Am\u00e9rica y a Pulido!?"},"content":{"rendered":"<p>La cuenta de Twitter de <strong>Jos\u00e9 Juan V\u00e1zquez<\/strong>, refuerzo de las Chivas Guadalajara rumbo al Apertura 2016, fue hackeada. Y en el perfil del <em>Gallito<\/em>\u00a0fueron publicados varios mensajes ofensivos.<\/p>\n<p>La persona que intervino la cuenta del <em>Gallito<\/em> <strong>V\u00e1zquez<\/strong> public\u00f3 mensajes en contra de las <em>\u00c1guilas<\/em> del Am\u00e9rica, el odiado rival del <em>Reba\u00f1o<\/em>, y dedic\u00f3 un singular <em>tuit<\/em> a Alan Pulido, quien fuera secuestrado durante sus \u00faltimas vacaciones en M\u00e9xico.<\/p>\n<p><a href=\"http:\/\/www.futboltotal.com.mx\/2016\/06\/gallito-tunde-al-america-a-pulido\/twitter-gallito-america\/\" rel=\"attachment wp-att-406970\"><img decoding=\"async\" loading=\"lazy\" class=\"aligncenter size-full wp-image-406970\" src=\"http:\/\/www.futboltotal.com.mx\/wp-content\/uploads\/2016\/06\/twitter-gallito-america.jpg\" alt=\"twitter-gallito-america\" srcset=\"http:\/\/desarrollo.grupomedios.com\/futbol\/wp-content\/uploads\/2016\/06\/twitter-gallito-america.jpg 709w, http:\/\/desarrollo.grupomedios.com\/futbol\/wp-content\/uploads\/2016\/06\/twitter-gallito-america-300x173.jpg 300w\" sizes=\"(max-width: 709px) 100vw, 709px\" \/><\/a><\/p>\n<p><a href=\"http:\/\/www.futboltotal.com.mx\/2016\/06\/gallito-tunde-al-america-a-pulido\/twitter-gallito-pulido\/\" rel=\"attachment wp-att-406971\"><img decoding=\"async\" loading=\"lazy\" class=\"aligncenter size-full wp-image-406971\" src=\"http:\/\/www.futboltotal.com.mx\/wp-content\/uploads\/2016\/06\/twitter-gallito-pulido.jpg\" alt=\"twitter-gallito-pulido\" srcset=\"http:\/\/desarrollo.grupomedios.com\/futbol\/wp-content\/uploads\/2016\/06\/twitter-gallito-pulido.jpg 389w, http:\/\/desarrollo.grupomedios.com\/futbol\/wp-content\/uploads\/2016\/06\/twitter-gallito-pulido-300x160.jpg 300w\" sizes=\"(max-width: 389px) 100vw, 389px\" \/><\/a><\/p>\n<p>Cabe apuntar que la cuenta hackeada, pese a estar\u00a0verificada no pertenece al <em>Gallito<\/em>\u00a0<strong>V\u00e1zquez<\/strong>, quien si ha tenido\u00a0actividad en otro perfil de la red social.<\/p>\n<blockquote class=\"twitter-tweet\" data-lang=\"es\">\n<p dir=\"ltr\" lang=\"und\"> \u26aa\ufe0f<\/p>\n<p>\u2014 J.J Vazquez 23 (@gallitov23) <a href=\"https:\/\/twitter.com\/gallitov23\/status\/738492038497243136\">2 de junio de 2016<\/a><\/p><\/blockquote>\n<p><script src=\"\/\/platform.twitter.com\/widgets.js\" async=\"\" charset=\"utf-8\"><\/script><\/p>\n<p>La cuenta del\u00a0usuario @GalloVazquezG fue hackeada, pues todas sus publicaciones anteriores se eliminaron y a partir de la ma\u00f1ana de este martes comenzaron a aparecer los <em>tuits<\/em> ofensivos.<\/p>\n","protected":false},"excerpt":{"rendered":"<p>Hackean la cuenta del flamante refuerzo de Chivas<\/p>\n","protected":false},"author":20,"featured_media":406969,"comment_status":"closed","ping_status":"closed","sticky":false,"template":"","format":"standard","meta":[],"categories":[5419,2198],"tags":[70,7226],"_links":{"self":[{"href":"http:\/\/desarrollo.grupomedios.com\/futbol\/wp-json\/wp\/v2\/posts\/406968"}],"collection":[{"href":"http:\/\/desarrollo.grupomedios.com\/futbol\/wp-json\/wp\/v2\/posts"}],"about":[{"href":"http:\/\/desarrollo.grupomedios.com\/futbol\/wp-json\/wp\/v2\/types\/post"}],"author":[{"embeddable":true,"href":"http:\/\/desarrollo.grupomedios.com\/futbol\/wp-json\/wp\/v2\/users\/20"}],"replies":[{"embeddable":true,"href":"http:\/\/desarrollo.grupomedios.com\/futbol\/wp-json\/wp\/v2\/comments?post=406968"}],"version-history":[{"count":0,"href":"http:\/\/desarrollo.grupomedios.com\/futbol\/wp-json\/wp\/v2\/posts\/406968\/revisions"}],"wp:featuredmedia":[{"embeddable":true,"href":"http:\/\/desarrollo.grupomedios.com\/futbol\/wp-json\/wp\/v2\/media\/406969"}],"wp:attachment":[{"href":"http:\/\/desarrollo.grupomedios.com\/futbol\/wp-json\/wp\/v2\/media?parent=406968"}],"wp:term":[{"taxonomy":"category","embeddable":true,"href":"http:\/\/desarrollo.grupomedios.com\/futbol\/wp-json\/wp\/v2\/categories?post=406968"},{"taxonomy":"post_tag","embeddable":true,"href":"http:\/\/desarrollo.grupomedios.com\/futbol\/wp-json\/wp\/v2\/tags?post=406968"}],"curies":[{"name":"wp","href":"https:\/\/api.w.org\/{rel}","templated":true}]}}