{"id":406979,"date":"2016-06-28T13:21:50","date_gmt":"2016-06-28T18:21:50","guid":{"rendered":"http:\/\/www.futboltotal.com.mx\/?p=406979"},"modified":"2016-06-28T18:27:34","modified_gmt":"2016-06-28T23:27:34","slug":"joachim-low-italia-defensa","status":"publish","type":"post","link":"http:\/\/desarrollo.grupomedios.com\/futbol\/futbol-internacional\/joachim-low-italia-defensa\/2016\/06","title":{"rendered":"Para Joachim L\u00f6w, Italia no solo es defensa"},"content":{"rendered":"<p><strong>Joachim L\u00f6w<\/strong>, seleccionador nacional de Alemania, avis\u00f3 este martes de que <strong><span class=\"classCadenaBusqueda\">Italia<\/span><\/strong>, su rival en los Cuartos de Final de la <strong>Eurocopa,<\/strong> &#8220;no es solo defensa&#8221; porque tiene una buena n\u00f3mina de delanteros que pueden jugar al ataque y sorprender en cualquier momento.<\/p>\n<p>Eso le pas\u00f3 a Espa\u00f1a, que choc\u00f3 contra un equipo robusto defensivamente y alegre a la hora de atacar con buenas combinaciones y enlaces entre el centro del campo y la delantera. <strong>L\u00f6w<\/strong> vio el partido y hoy habl\u00f3 sobre el cuadro de Antonio Conte.<\/p>\n<p>&#8220;<strong><span class=\"classCadenaBusqueda\">Italia<\/span><\/strong> no es s\u00f3lo defensa, no s\u00f3lo se centran en ese aspecto del juego. Tambi\u00e9n tienen delanteros peligrosos&#8221;, asegur\u00f3.<\/p>\n<p>Para <strong>L\u00f6w<\/strong>, la ausencia por primera vez en un gran torneo de Andrea Pirlo en el conjunto italiano siempre resta, pero avis\u00f3 del potencial que tiene Daniele de Rossi: &#8220;es un jugador muy inteligente y con \u00e9l encuentran el equilibrio. Nosotros tenemos que conseguir imponer nuestro propio juego&#8221;, declar\u00f3.<\/p>\n<p style=\"text-align: center;\"><span style=\"color: #3366ff;\">LEER M\u00c1S:\u00a0<a style=\"color: #3366ff;\" href=\"http:\/\/www.futboltotal.com.mx\/2016\/06\/jugadores-gales-se-burlan-la-eliminacion-inglaterra\/\">TREMENDA BURLA DE GALES POR ELIMINACI\u00d3N INGLESA<\/a><\/span><\/p>\n<p><strong>L\u00f6w<\/strong> tambi\u00e9n habl\u00f3 sobre su centro del campo, donde hay una figura que est\u00e1 destacando por su efectividad. A Sami Khedira le cayeron algunos halagos de su entrenador: &#8220;est\u00e1 teniendo un papel ejemplar en tareas importantes. Es elegante y listo. Hace todo lo que le encargo&#8221;, coment\u00f3.<\/p>\n<p>Tambi\u00e9n habl\u00f3 sobre tres jugadores que fueron suplentes contra Eslovaqu\u00eda en los octavos de final. Para todos, Mario G\u00f6tze, Bastian Schwenteiger y Lukas Podolski, tuvo buenas palabras.<\/p>\n<p>&#8220;G\u00f6tze ha jugado bien. Lukas se entrena muy, muy bien y junto a Bastian siempre es un modelo. Schweinsteiger es un mentor&#8221;, aclar\u00f3 antes de afirmar que acepta sin problemas su condici\u00f3n de suplente.<\/p>\n<p>Adem\u00e1s, tuvo buenas palabras para el entrenador italiano Antonio Conte, de quien dijo que ha conseguido llevar a su selecci\u00f3n el nivel que consigui\u00f3 en el Juventus: &#8220;Ahora son mejores que en 2008 y 2010. En 2012 (lleg\u00f3 a la Final de la <strong>Eurocopa<\/strong> y perdi\u00f3 contra Espa\u00f1a) no eran tan buenos ofensivamente&#8221;, manifest\u00f3.<\/p>\n<p style=\"text-align: center;\"><span style=\"color: #3366ff;\">LEER M\u00c1S:\u00a0<a style=\"color: #3366ff;\" href=\"http:\/\/www.futboltotal.com.mx\/2016\/06\/cuartos-final-la-euro-al-momento\/\">Definidos\u2026 Cuartos de Final de la Eurocopa<\/a><\/span><\/p>\n<p>Tambi\u00e9n explic\u00f3 los cambios que hizo frente a Eslovaquia. Jerome Boateng y Sammi Khedira salieron del campo porque el primero ten\u00eda una tarjeta amarilla y hab\u00eda estado lesionado en un gemelo y el segundo estaba teniendo &#8220;peque\u00f1os problemas en los aductores&#8221;.<\/p>\n<p>Por \u00faltimo, afirm\u00f3 que Alemania tiene que afrontar lo que resta de torneo con &#8220;modestia y humildad&#8221; para poder llegar lejos e intentar ganar un t\u00edtulo que se le resiste desde la edici\u00f3n que se disput\u00f3 en 1996 en Inglaterra. EFE<\/p>\n","protected":false},"excerpt":{"rendered":"<p>El DT de Alemania considera que el ataque italiano ha evolucionado<\/p>\n","protected":false},"author":144,"featured_media":406984,"comment_status":"closed","ping_status":"closed","sticky":false,"template":"","format":"standard","meta":[],"categories":[6995,3839,6999,5951],"tags":[6000,2236,292],"_links":{"self":[{"href":"http:\/\/desarrollo.grupomedios.com\/futbol\/wp-json\/wp\/v2\/posts\/406979"}],"collection":[{"href":"http:\/\/desarrollo.grupomedios.com\/futbol\/wp-json\/wp\/v2\/posts"}],"about":[{"href":"http:\/\/desarrollo.grupomedios.com\/futbol\/wp-json\/wp\/v2\/types\/post"}],"author":[{"embeddable":true,"href":"http:\/\/desarrollo.grupomedios.com\/futbol\/wp-json\/wp\/v2\/users\/144"}],"replies":[{"embeddable":true,"href":"http:\/\/desarrollo.grupomedios.com\/futbol\/wp-json\/wp\/v2\/comments?post=406979"}],"version-history":[{"count":0,"href":"http:\/\/desarrollo.grupomedios.com\/futbol\/wp-json\/wp\/v2\/posts\/406979\/revisions"}],"wp:featuredmedia":[{"embeddable":true,"href":"http:\/\/desarrollo.grupomedios.com\/futbol\/wp-json\/wp\/v2\/media\/406984"}],"wp:attachment":[{"href":"http:\/\/desarrollo.grupomedios.com\/futbol\/wp-json\/wp\/v2\/media?parent=406979"}],"wp:term":[{"taxonomy":"category","embeddable":true,"href":"http:\/\/desarrollo.grupomedios.com\/futbol\/wp-json\/wp\/v2\/categories?post=406979"},{"taxonomy":"post_tag","embeddable":true,"href":"http:\/\/desarrollo.grupomedios.com\/futbol\/wp-json\/wp\/v2\/tags?post=406979"}],"curies":[{"name":"wp","href":"https:\/\/api.w.org\/{rel}","templated":true}]}}