{"id":406980,"date":"2016-06-28T13:18:05","date_gmt":"2016-06-28T18:18:05","guid":{"rendered":"http:\/\/www.futboltotal.com.mx\/?p=406980"},"modified":"2016-06-28T13:18:05","modified_gmt":"2016-06-28T18:18:05","slug":"denis-pineda-deja-tigres-ir-a-portugal","status":"publish","type":"post","link":"http:\/\/desarrollo.grupomedios.com\/futbol\/futbol-mexicano\/denis-pineda-deja-tigres-ir-a-portugal\/2016\/06","title":{"rendered":"Tigres exporta futbolista a Portugal"},"content":{"rendered":"<p>Hasta el momento, no se ha confirmado que Jurgen Damm salga de <a href=\"http:\/\/www.futboltotal.com.mx\/equipos\/tigres\/\" target=\"_blank\"><strong>Tigres<\/strong><\/a> para viajar a Europa e iniciar su sue\u00f1o en el Viejo Continente; sin embargo, el club <em>felino<\/em> s\u00ed exportar\u00e1 a otro de sus futbolistas, se trata del salvadore\u00f1o, <strong>Denis Pineda<\/strong>, quien jugar\u00e1 en Portugal.<\/p>\n<p><strong>Denis Pineda<\/strong> es seleccionado de El Salvador, jug\u00f3 para <strong>Tigres<\/strong> en la Segunda Divisi\u00f3n y en su pa\u00eds ya lo esperaban para jugar con el Alianza FC; sin embargo, el delantero confirm\u00f3 que emigrar\u00e1 a Portugal, para iniciar una nueva aventura.<\/p>\n<p style=\"text-align: center;\"><span style=\"color: #3366ff;\"><a style=\"color: #3366ff;\" href=\"http:\/\/www.futboltotal.com.mx\/2016\/06\/tigres-en-busca-de-nuevo-delantero-frances\/\" target=\"_blank\"><strong>LEER M\u00c1S: Tigres va por otro franc\u00e9s<\/strong><\/a><\/span><\/p>\n<p>&#8220;Voy a romperla all\u00e1. Un a\u00f1o en Europa es suficiente para tomar un buen equipo y quedarme all\u00e1, no pienso volver al pa\u00eds si no es como un triunfador&#8221;, se\u00f1al\u00f3 <strong>Denis Pineda<\/strong> a <em>El Gr\u00e1fico<\/em> de El Salvador. El atacante jugar\u00e1 en el Santa Clara de la Segunda Divisi\u00f3n de Portugal.<\/p>\n<p><strong><span style=\"color: #ff0000;\">VIDEO: 10 momentos de Copa Am\u00e9rica<\/span><\/strong><\/p>\n<p>[video_player]https:\/\/player.vimeo.com\/external\/172478131.hd.mp4?s=c93dee818f4df58beff1d2da4a837d3c9fa3b03f&amp;profile_id=174[\/video_player]<\/p>\n","protected":false},"excerpt":{"rendered":"<p>Denis Pineda va por el sue\u00f1o europeo<\/p>\n","protected":false},"author":20,"featured_media":406981,"comment_status":"closed","ping_status":"closed","sticky":false,"template":"","format":"standard","meta":[],"categories":[2198,3845,5950],"tags":[5973],"_links":{"self":[{"href":"http:\/\/desarrollo.grupomedios.com\/futbol\/wp-json\/wp\/v2\/posts\/406980"}],"collection":[{"href":"http:\/\/desarrollo.grupomedios.com\/futbol\/wp-json\/wp\/v2\/posts"}],"about":[{"href":"http:\/\/desarrollo.grupomedios.com\/futbol\/wp-json\/wp\/v2\/types\/post"}],"author":[{"embeddable":true,"href":"http:\/\/desarrollo.grupomedios.com\/futbol\/wp-json\/wp\/v2\/users\/20"}],"replies":[{"embeddable":true,"href":"http:\/\/desarrollo.grupomedios.com\/futbol\/wp-json\/wp\/v2\/comments?post=406980"}],"version-history":[{"count":0,"href":"http:\/\/desarrollo.grupomedios.com\/futbol\/wp-json\/wp\/v2\/posts\/406980\/revisions"}],"wp:featuredmedia":[{"embeddable":true,"href":"http:\/\/desarrollo.grupomedios.com\/futbol\/wp-json\/wp\/v2\/media\/406981"}],"wp:attachment":[{"href":"http:\/\/desarrollo.grupomedios.com\/futbol\/wp-json\/wp\/v2\/media?parent=406980"}],"wp:term":[{"taxonomy":"category","embeddable":true,"href":"http:\/\/desarrollo.grupomedios.com\/futbol\/wp-json\/wp\/v2\/categories?post=406980"},{"taxonomy":"post_tag","embeddable":true,"href":"http:\/\/desarrollo.grupomedios.com\/futbol\/wp-json\/wp\/v2\/tags?post=406980"}],"curies":[{"name":"wp","href":"https:\/\/api.w.org\/{rel}","templated":true}]}}