{"id":406983,"date":"2016-06-28T13:30:35","date_gmt":"2016-06-28T18:30:35","guid":{"rendered":"http:\/\/www.futboltotal.com.mx\/?p=406983"},"modified":"2016-06-28T13:30:35","modified_gmt":"2016-06-28T18:30:35","slug":"america-sin-partido-centenario-ni-bomba","status":"publish","type":"post","link":"http:\/\/desarrollo.grupomedios.com\/futbol\/destacado-home\/america-sin-partido-centenario-ni-bomba\/2016\/06","title":{"rendered":"Am\u00e9rica, sin partido CENTENARIO ni BOMBA"},"content":{"rendered":"<p>Las <a href=\"http:\/\/www.futboltotal.com.mx\/equipos\/america\/\"><em>\u00c1guilas<\/em> del <strong>Am\u00e9rica<\/strong><\/a> no podr\u00e1n disputar un juego especial para celebrar su <strong>Centenario<\/strong>. Los dirigentes <em>azulcremas<\/em> apuntaron que no que hubo un equipo de renombre disponible para sostener un partido conmemorativo para el pr\u00f3ximo 12 de octubre.<\/p>\n<p>El Club <strong>Am\u00e9rica<\/strong> cumple 100 a\u00f1os de existencia y la afici\u00f3n esperaba un partido especial para la celebraci\u00f3n; Real Madrid y el Bayern Munich fueron algunos de los equipos que se especulaba podr\u00edan jugar ante las <em>\u00c1guilas<\/em>.<\/p>\n<blockquote class=\"twitter-tweet\" data-lang=\"es\">\n<p dir=\"ltr\" lang=\"es\">&#8220;La presentaci\u00f3n oficial del nuevo uniforme ser\u00e1 el pr\u00f3ximo 12 de julio en el Estadio del Azteca&#8221; Jos\u00e9 Romano<\/p>\n<p>\u2014 Club Am\u00e9rica (@ClubAmerica) <a href=\"https:\/\/twitter.com\/ClubAmerica\/status\/747840655943041024\">28 de junio de 2016<\/a><\/p><\/blockquote>\n<p><script src=\"\/\/platform.twitter.com\/widgets.js\" async=\"\" charset=\"utf-8\"><\/script><\/p>\n<p>Sin embargo, al final, la directica americanista no encontr\u00f3 ning\u00fan equipo digno para celebrar el <a href=\"http:\/\/www.futboltotal.com.mx\/equipos\/america\/\"><strong>Centenario<\/strong> del <strong>Am\u00e9rica<\/strong><\/a>.<\/p>\n<p>&#8220;No habr\u00e1 partido de <strong>Centenario<\/strong>, ya que no se puedo conseguir a un equipo top 10 mundial debido a la fecha de aniversario&#8221;, anunci\u00f3 Jos\u00e9 Romano, presidente operativo de las <em>\u00c1guilas<\/em>.<\/p>\n<p style=\"text-align: center;\"><span style=\"color: #3366ff;\"><strong><a style=\"color: #3366ff;\" href=\"http:\/\/www.futboltotal.com.mx\/2016\/06\/filtran-camiseta-visitante-del-america\/\">LEER M\u00c1S: \u00a1Filtran camiseta de visitante del Am\u00e9rica!<\/a><\/strong><\/span><\/p>\n<p>Asimismo, durante la presentaci\u00f3n de los tres refuerzos para el Apertura 2016: el ecuatoriano Renato Ibarra, el argentino Silvio Romero y el paraguayo Bruno Valdez, la directiva del <strong>Am\u00e9rica<\/strong> dej\u00f3 en claro que no buscar\u00e1n una contrataci\u00f3n bomba con motivo del <strong>Centenario<\/strong>.<\/p>\n<p>&#8220;Los refuerzos bombas son m\u00e1s para acaparar portadas y <strong>Am\u00e9rica<\/strong> no lo necesita. Traemos jugadores que ayudan a complementar al equipo, que lleva nueve liguillas consecutivas y cuatro campeonatos&#8221;, sentenci\u00f3 Ricardo Pel\u00e1ez, presidente deportivo del cuadro <em>azulcrema<\/em>.<\/p>\n","protected":false},"excerpt":{"rendered":"<p>&#8220;Los refuerzos bombas son m\u00e1s para acaparar portadas&#8230;&#8221;<\/p>\n","protected":false},"author":20,"featured_media":406986,"comment_status":"closed","ping_status":"closed","sticky":false,"template":"","format":"standard","meta":[],"categories":[5,2198,3845],"tags":[5959,6927],"_links":{"self":[{"href":"http:\/\/desarrollo.grupomedios.com\/futbol\/wp-json\/wp\/v2\/posts\/406983"}],"collection":[{"href":"http:\/\/desarrollo.grupomedios.com\/futbol\/wp-json\/wp\/v2\/posts"}],"about":[{"href":"http:\/\/desarrollo.grupomedios.com\/futbol\/wp-json\/wp\/v2\/types\/post"}],"author":[{"embeddable":true,"href":"http:\/\/desarrollo.grupomedios.com\/futbol\/wp-json\/wp\/v2\/users\/20"}],"replies":[{"embeddable":true,"href":"http:\/\/desarrollo.grupomedios.com\/futbol\/wp-json\/wp\/v2\/comments?post=406983"}],"version-history":[{"count":0,"href":"http:\/\/desarrollo.grupomedios.com\/futbol\/wp-json\/wp\/v2\/posts\/406983\/revisions"}],"wp:featuredmedia":[{"embeddable":true,"href":"http:\/\/desarrollo.grupomedios.com\/futbol\/wp-json\/wp\/v2\/media\/406986"}],"wp:attachment":[{"href":"http:\/\/desarrollo.grupomedios.com\/futbol\/wp-json\/wp\/v2\/media?parent=406983"}],"wp:term":[{"taxonomy":"category","embeddable":true,"href":"http:\/\/desarrollo.grupomedios.com\/futbol\/wp-json\/wp\/v2\/categories?post=406983"},{"taxonomy":"post_tag","embeddable":true,"href":"http:\/\/desarrollo.grupomedios.com\/futbol\/wp-json\/wp\/v2\/tags?post=406983"}],"curies":[{"name":"wp","href":"https:\/\/api.w.org\/{rel}","templated":true}]}}