{"id":406989,"date":"2016-06-28T14:05:12","date_gmt":"2016-06-28T19:05:12","guid":{"rendered":"http:\/\/www.futboltotal.com.mx\/?p=406989"},"modified":"2016-06-28T18:25:35","modified_gmt":"2016-06-28T23:25:35","slug":"asi-vivio-antonio-conte-la-clasificacion-italia","status":"publish","type":"post","link":"http:\/\/desarrollo.grupomedios.com\/futbol\/videos\/asi-vivio-antonio-conte-la-clasificacion-italia\/2016\/06","title":{"rendered":"El apasionado festejo de Antonio Conte"},"content":{"rendered":"<p>El partido que <strong>Italia<\/strong> hizo ante Espa\u00f1a fue uno de los mejores de la Euro para el entrenador de la\u00a0<em>Azzurra,\u00a0<\/em><strong>Antonio Conte<\/strong>. A pesar de que el equipo dirigido por Vicente del Bosque fue dominado de principio a fin, el t\u00e9cnico italiano no se relaj\u00f3 y vivi\u00f3 con mucha intensidad el partido en la que su escuadra se llev\u00f3 el triunfo con marcador de 2-0.<\/p>\n<p>Adem\u00e1s de los rega\u00f1os a los jugadores y reclamos a los \u00e1rbitros, <strong>Conte<\/strong> vivi\u00f3 apasionadamente el partido y festej\u00f3 los goles al igual que lo har\u00eda un aficionado en el estadio.<\/p>\n<p style=\"text-align: center;\"><span style=\"color: #3366ff;\">LEER M\u00c1S:\u00a0<a style=\"color: #3366ff;\" href=\"http:\/\/www.futboltotal.com.mx\/2016\/06\/narrador-islandes-enloquece-nuevo\/\">\u00a1Narrador enloquece de nuevo con gol island\u00e9s!<\/a><\/span><\/p>\n<blockquote class=\"twitter-tweet\" data-lang=\"es\">\n<p dir=\"ltr\" lang=\"es\">Antonio Conte <a href=\"https:\/\/t.co\/vpPj86qC6U\">pic.twitter.com\/vpPj86qC6U<\/a><\/p>\n<p>\u2014 Calcio Italiano \u26bd \ufe0f (@Calcioitaliano_) <a href=\"https:\/\/twitter.com\/Calcioitaliano_\/status\/747716339163369472\">28 de junio de 2016<\/a><\/p><\/blockquote>\n<p><script src=\"\/\/platform.twitter.com\/widgets.js\" async=\"\" charset=\"utf-8\"><\/script><\/p>\n","protected":false},"excerpt":{"rendered":"<p>El DT mostr\u00f3 su pasi\u00f3n en la clasificaci\u00f3n de Italia<\/p>\n","protected":false},"author":20,"featured_media":406998,"comment_status":"closed","ping_status":"closed","sticky":false,"template":"","format":"standard","meta":[],"categories":[6995,3839,6999,4,7001],"tags":[2354,2236,292],"_links":{"self":[{"href":"http:\/\/desarrollo.grupomedios.com\/futbol\/wp-json\/wp\/v2\/posts\/406989"}],"collection":[{"href":"http:\/\/desarrollo.grupomedios.com\/futbol\/wp-json\/wp\/v2\/posts"}],"about":[{"href":"http:\/\/desarrollo.grupomedios.com\/futbol\/wp-json\/wp\/v2\/types\/post"}],"author":[{"embeddable":true,"href":"http:\/\/desarrollo.grupomedios.com\/futbol\/wp-json\/wp\/v2\/users\/20"}],"replies":[{"embeddable":true,"href":"http:\/\/desarrollo.grupomedios.com\/futbol\/wp-json\/wp\/v2\/comments?post=406989"}],"version-history":[{"count":0,"href":"http:\/\/desarrollo.grupomedios.com\/futbol\/wp-json\/wp\/v2\/posts\/406989\/revisions"}],"wp:featuredmedia":[{"embeddable":true,"href":"http:\/\/desarrollo.grupomedios.com\/futbol\/wp-json\/wp\/v2\/media\/406998"}],"wp:attachment":[{"href":"http:\/\/desarrollo.grupomedios.com\/futbol\/wp-json\/wp\/v2\/media?parent=406989"}],"wp:term":[{"taxonomy":"category","embeddable":true,"href":"http:\/\/desarrollo.grupomedios.com\/futbol\/wp-json\/wp\/v2\/categories?post=406989"},{"taxonomy":"post_tag","embeddable":true,"href":"http:\/\/desarrollo.grupomedios.com\/futbol\/wp-json\/wp\/v2\/tags?post=406989"}],"curies":[{"name":"wp","href":"https:\/\/api.w.org\/{rel}","templated":true}]}}