{"id":407000,"date":"2016-06-28T14:24:37","date_gmt":"2016-06-28T19:24:37","guid":{"rendered":"http:\/\/www.futboltotal.com.mx\/?p=407000"},"modified":"2016-06-28T18:18:03","modified_gmt":"2016-06-28T23:18:03","slug":"tri-olimpico-vence-a-pumas","status":"publish","type":"post","link":"http:\/\/desarrollo.grupomedios.com\/futbol\/futbol-mexicano\/tri-olimpico-vence-a-pumas\/2016\/06","title":{"rendered":"Tri ol\u00edmpico vence a Pumas"},"content":{"rendered":"<p>La <a href=\"http:\/\/www.futboltotal.com.mx\/futbol-mexicano\/seleccion-mexicana\/\"><strong>Selecci\u00f3n Mexicana Sub-23<\/strong><\/a>, que el pasado s\u00e1bado venci\u00f3 a las <em>\u00c1guilas<\/em> del Am\u00e9rica, derrot\u00f3 2-1 este martes a los <a href=\"http:\/\/www.futboltotal.com.mx\/equipos\/unam\/\"><strong>Pumas<\/strong> de UNAM<\/a>, en duelo de preparaci\u00f3n disputado en el Centro de Alto Rendimiento.<\/p>\n<p>Con goles de Ra\u00fal L\u00f3pez y \u00c9rick Torres, el <em>Tri<\/em> <strong>ol\u00edmpico<\/strong> sum\u00f3 su segundo triunfo en su proceso de preparaci\u00f3n rumbo a R\u00edo 2016. Por los universitarios descont\u00f3 el uruguayo Mat\u00edas Britos.<\/p>\n<blockquote class=\"twitter-tweet\" data-lang=\"es\">\n<p dir=\"ltr\" lang=\"es\"><a href=\"https:\/\/twitter.com\/hashtag\/Sub23?src=hash\">#Sub23<\/a> \u00a1Con goles de <a href=\"https:\/\/twitter.com\/raullg8\">@raullg8<\/a> y <a href=\"https:\/\/twitter.com\/erickestefano15\">@erickestefano15<\/a> derrotamos 2-1 a <a href=\"https:\/\/twitter.com\/PumasMX\">@PumasMX<\/a>!<\/p>\n<p>Por la visita anot\u00f3 Mat\u00edas Britos. <a href=\"https:\/\/t.co\/SCQ4S3Luxr\">pic.twitter.com\/SCQ4S3Luxr<\/a><\/p>\n<p>\u2014 Selecci\u00f3n Nacional (@miseleccionmx) <a href=\"https:\/\/twitter.com\/miseleccionmx\/status\/747841059921625088\">28 de junio de 2016<\/a><\/p><\/blockquote>\n<p><script src=\"\/\/platform.twitter.com\/widgets.js\" async=\"\" charset=\"utf-8\"><\/script><\/p>\n<p>El <em>Tri<\/em> continuar\u00e1 su preparaci\u00f3n rumbo a los <strong>Juegos Ol\u00edmpicos<\/strong> de R\u00edo, certamen en el debutar\u00e1\u00a0el 4 agosto ante Alemania. En ese contexto, se tiene programado un duelo m\u00e1s ante un equipo de la Liga MX: este mi\u00e9rcoles ante los <em>Diablos Rojos<\/em> del\u00a0Toluca.<\/p>\n<p>En tanto, el pr\u00f3ximo 2 de julio (20:30 horas), en el estadio Victoria de Aguscalientes, la\u00a0<a href=\"http:\/\/www.futboltotal.com.mx\/futbol-mexicano\/seleccion-mexicana\/\"><strong>Selecci\u00f3n Mexicana Sub-23<\/strong><\/a>\u00a0se medir\u00e1 ante su similar de Nigeria.<\/p>\n<p style=\"text-align: center;\"><strong><span style=\"color: #3366ff;\"><a style=\"color: #3366ff;\" href=\"http:\/\/www.futboltotal.com.mx\/2016\/06\/debemos-estar-pensando-en-los-refuerzos-tri-olimpico\/\">LEER M\u00c1S: No debemos preocuparnos por los refuerzos<\/a><\/span><\/strong><\/p>\n<p>&#8220;No hay pretextos, vamos a llegar a tope a los <strong>Ol\u00edmpicos<\/strong>\u2026 El margen de error es cada vez m\u00e1s corto, sobre todo en lo colectivo&#8221;, declar\u00f3 el <em>Dedos<\/em> L\u00f3pez al final del partido.<\/p>\n<p>En tanto, Antonio Brise\u00f1o se mostr\u00f3 entusiasmado por el torneo que se avecina: &#8220;No hay presi\u00f3n, hay motivaci\u00f3n. Hay cosas por mejorar. Son unos <strong>Juegos Ol\u00edmpicos<\/strong>, \u00bfA quien no le gustar\u00eda?&#8230;\u00a0Somos una selecci\u00f3n ganadora y poderosa, ese es nuestro lema&#8221;, dijo.<\/p>\n","protected":false},"excerpt":{"rendered":"<p>M\u00e9xico sum\u00f3 su segundo triunfo rumbo a R\u00edo 2016<\/p>\n","protected":false},"author":20,"featured_media":407011,"comment_status":"closed","ping_status":"closed","sticky":false,"template":"","format":"standard","meta":[],"categories":[2198,3847,5950],"tags":[65,5979,2377],"_links":{"self":[{"href":"http:\/\/desarrollo.grupomedios.com\/futbol\/wp-json\/wp\/v2\/posts\/407000"}],"collection":[{"href":"http:\/\/desarrollo.grupomedios.com\/futbol\/wp-json\/wp\/v2\/posts"}],"about":[{"href":"http:\/\/desarrollo.grupomedios.com\/futbol\/wp-json\/wp\/v2\/types\/post"}],"author":[{"embeddable":true,"href":"http:\/\/desarrollo.grupomedios.com\/futbol\/wp-json\/wp\/v2\/users\/20"}],"replies":[{"embeddable":true,"href":"http:\/\/desarrollo.grupomedios.com\/futbol\/wp-json\/wp\/v2\/comments?post=407000"}],"version-history":[{"count":0,"href":"http:\/\/desarrollo.grupomedios.com\/futbol\/wp-json\/wp\/v2\/posts\/407000\/revisions"}],"wp:featuredmedia":[{"embeddable":true,"href":"http:\/\/desarrollo.grupomedios.com\/futbol\/wp-json\/wp\/v2\/media\/407011"}],"wp:attachment":[{"href":"http:\/\/desarrollo.grupomedios.com\/futbol\/wp-json\/wp\/v2\/media?parent=407000"}],"wp:term":[{"taxonomy":"category","embeddable":true,"href":"http:\/\/desarrollo.grupomedios.com\/futbol\/wp-json\/wp\/v2\/categories?post=407000"},{"taxonomy":"post_tag","embeddable":true,"href":"http:\/\/desarrollo.grupomedios.com\/futbol\/wp-json\/wp\/v2\/tags?post=407000"}],"curies":[{"name":"wp","href":"https:\/\/api.w.org\/{rel}","templated":true}]}}