{"id":407002,"date":"2016-06-28T14:21:08","date_gmt":"2016-06-28T19:21:08","guid":{"rendered":"http:\/\/www.futboltotal.com.mx\/?p=407002"},"modified":"2016-06-28T14:21:08","modified_gmt":"2016-06-28T19:21:08","slug":"joaquin-del-olmo-artifice-fichajes-pumas","status":"publish","type":"post","link":"http:\/\/desarrollo.grupomedios.com\/futbol\/futbol-mexicano\/joaquin-del-olmo-artifice-fichajes-pumas\/2016\/06","title":{"rendered":"Joaqu\u00edn del Olmo, \u00bfart\u00edfice de fichajes de Pumas?"},"content":{"rendered":"<p>De cara al Apertura 2016, <a href=\"http:\/\/futboltotal.com.mx\/equipos\/unam\/\" target=\"_blank\"><strong>Pumas<\/strong><\/a> se reforz\u00f3 con dos jugadores espa\u00f1oles Abraham Gonz\u00e1lez y Ra\u00fal Berj\u00f3n, el segundo despert\u00f3 escepticismo pues a pesar de tener 30 a\u00f1os de edad, fue hace dos temporadas que debut\u00f3 en Primera Divisi\u00f3n, sin embargo, el delantero llega con buena recomendaci\u00f3n gracias a&#8230; \u00bf<strong>Joaqu\u00edn del Olmo<\/strong>?<\/p>\n<p>Antes de arribar al Pedregal, <strong>Francisco Palencia<\/strong> dirigi\u00f3 en Espa\u00f1a donde se encontr\u00f3 con el estratega del Real Oviedo, Del Olmo, quien le platic\u00f3 de las condiciones de Berj\u00f3. Fue tal el inter\u00e9s que el propio <em>Gatillero<\/em> le sigui\u00f3 la pista y por eso termin\u00f3 por traerlo a M\u00e9xico, seg\u00fan inform\u00f3 <em>El Universal<\/em>.<\/p>\n<blockquote class=\"twitter-tweet\" data-lang=\"es\">\n<p dir=\"ltr\" lang=\"es\">Te compartimos el calendario de juegos de <a href=\"https:\/\/twitter.com\/TheChampions\">@TheChampions<\/a>, iniciaremos el torneo ante <a href=\"https:\/\/twitter.com\/wconnectionfc\">@wconnectionfc<\/a>.<a href=\"https:\/\/twitter.com\/hashtag\/SoyDePumas?src=hash\">#SoyDePumas<\/a> <a href=\"https:\/\/t.co\/LAsSIz3otN\">pic.twitter.com\/LAsSIz3otN<\/a><\/p>\n<p>\u2014 PUMAS (@PumasMX) <a href=\"https:\/\/twitter.com\/PumasMX\/status\/747866916635566081\">28 de junio de 2016<\/a><\/p><\/blockquote>\n<p><script src=\"\/\/platform.twitter.com\/widgets.js\" async=\"\" charset=\"utf-8\"><\/script><\/p>\n<p>El ariete despierta incertidumbre entre el p\u00fablico porque en dos temporadas (m\u00e1s de 50 partidos) a penas consigui\u00f3 sumar ocho goles con Eibar, cuota que no termina por convencer a los seguidores <em>auriazules<\/em>.<\/p>\n<p><strong><em>Paco<\/em> Palencia<\/strong> dijo estar conforme con el plantel que presume <strong>Pumas<\/strong>, pero no descarta que lleguen otros dos refuerzos en la semana.<\/p>\n<p><span style=\"color: #ff0000;\">VIDEO: 10 momentos de Copa Am\u00e9rica<\/span><\/p>\n<p>[video_player]https:\/\/player.vimeo.com\/external\/172478131.hd.mp4?s=c93dee818f4df58beff1d2da4a837d3c9fa3b03f&amp;profile_id=174[\/video_player]<\/p>\n","protected":false},"excerpt":{"rendered":"<p>El DT habr\u00eda recomendado a los jugadores espa\u00f1oles <\/p>\n","protected":false},"author":20,"featured_media":407004,"comment_status":"closed","ping_status":"closed","sticky":false,"template":"","format":"standard","meta":[],"categories":[2198,3845,5950],"tags":[74],"_links":{"self":[{"href":"http:\/\/desarrollo.grupomedios.com\/futbol\/wp-json\/wp\/v2\/posts\/407002"}],"collection":[{"href":"http:\/\/desarrollo.grupomedios.com\/futbol\/wp-json\/wp\/v2\/posts"}],"about":[{"href":"http:\/\/desarrollo.grupomedios.com\/futbol\/wp-json\/wp\/v2\/types\/post"}],"author":[{"embeddable":true,"href":"http:\/\/desarrollo.grupomedios.com\/futbol\/wp-json\/wp\/v2\/users\/20"}],"replies":[{"embeddable":true,"href":"http:\/\/desarrollo.grupomedios.com\/futbol\/wp-json\/wp\/v2\/comments?post=407002"}],"version-history":[{"count":0,"href":"http:\/\/desarrollo.grupomedios.com\/futbol\/wp-json\/wp\/v2\/posts\/407002\/revisions"}],"wp:featuredmedia":[{"embeddable":true,"href":"http:\/\/desarrollo.grupomedios.com\/futbol\/wp-json\/wp\/v2\/media\/407004"}],"wp:attachment":[{"href":"http:\/\/desarrollo.grupomedios.com\/futbol\/wp-json\/wp\/v2\/media?parent=407002"}],"wp:term":[{"taxonomy":"category","embeddable":true,"href":"http:\/\/desarrollo.grupomedios.com\/futbol\/wp-json\/wp\/v2\/categories?post=407002"},{"taxonomy":"post_tag","embeddable":true,"href":"http:\/\/desarrollo.grupomedios.com\/futbol\/wp-json\/wp\/v2\/tags?post=407002"}],"curies":[{"name":"wp","href":"https:\/\/api.w.org\/{rel}","templated":true}]}}