{"id":407023,"date":"2016-06-28T18:20:06","date_gmt":"2016-06-28T23:20:06","guid":{"rendered":"http:\/\/www.futboltotal.com.mx\/?p=407023"},"modified":"2016-06-28T20:19:21","modified_gmt":"2016-06-29T01:19:21","slug":"hirving-llegara-fortalecido-a-jjoo","status":"publish","type":"post","link":"http:\/\/desarrollo.grupomedios.com\/futbol\/destacado-home\/hirving-llegara-fortalecido-a-jjoo\/2016\/06","title":{"rendered":"Chucky llegar\u00e1 fortalecido a Juegos Ol\u00edmpicos"},"content":{"rendered":"<p><strong>Hirving Lozano<\/strong> ser\u00e1 una de las \u00faltimas incorporaciones de la <a href=\"http:\/\/www.futboltotal.com.mx\/futbol-mexicano\/seleccion-mexicana\/\">Selecci\u00f3n Mexicana Sub-23<\/a> que acudir\u00e1 a los <strong>Juegos Ol\u00edmpicos<\/strong> de R\u00edo de Janeiro 2016, luego de haber disputado 197 minutos en la Copa Am\u00e9rica Centenario con el <em>Tri<\/em> mayor.<\/p>\n<p>Pese a ese descalabro, <em>Chucky<\/em> <strong>Lozano<\/strong> llegar\u00e1 en buena forma mental a la justa\u00a0ol\u00edmpica, asegura Ra\u00fal Guti\u00e9rrez, seleccionador Sub-23 en entrevista con Futbol Total.<\/p>\n<p style=\"text-align: center;\"><span style=\"color: #3366ff;\"><strong><a style=\"color: #3366ff;\" href=\"http:\/\/www.futboltotal.com.mx\/2016\/06\/tri-olimpico-vence-a-pumas\/\" target=\"_blank\">LEER M\u00c1S: Tri ol\u00edmpico vence a Pumas<\/a><\/strong><\/span><\/p>\n<p>\u201cLa Copa Am\u00e9rica le sirvi\u00f3 a <strong>Hirving<\/strong> para ganar experiencia y espacio en una selecci\u00f3n mayor. Vendr\u00e1 a la selecci\u00f3n ol\u00edmpica muy fortalecido y sacar\u00e1 ventaja de lo aprendido porque \u00e9l es un tipo de car\u00e1cter. Se encontrar\u00e1 a una selecci\u00f3n totalmente distinta, estar\u00e1 con los de su categor\u00eda en donde retomar\u00e1 el nivel que le conocemos\u201d.<\/p>\n<p>Adem\u00e1s del <em>Chucky<\/em>, faltan por definir los refuerzos mayores de edad: se han mencionado como posibilidades a Andr\u00e9s Guardado, Alfredo Talavera y Ra\u00fal Jim\u00e9nez, pero ante la posibilidad de que sus clubes no los presten, Jordan Silva ha sugerido que la plantilla Sub-23 est\u00e1 lista para encarar el compromiso en R\u00edo de Janeiro sin necesidad de refuerzos, algo que el <em>Potro<\/em> Guti\u00e9rrez considera un riesgo.<\/p>\n<blockquote class=\"twitter-tweet\" data-lang=\"es\">\n<p dir=\"ltr\" lang=\"es\"><a href=\"https:\/\/twitter.com\/hashtag\/Sub23?src=hash\">#Sub23<\/a> En las instalaciones del CAR, vencimos a <a href=\"https:\/\/twitter.com\/PumasMX\">@PumasMX<\/a> en duelo de preparaci\u00f3n.<\/p>\n<p>Las acciones del partido <a href=\"https:\/\/t.co\/y8NofLjdWp\">https:\/\/t.co\/y8NofLjdWp<\/a><\/p>\n<p>\u2014 Selecci\u00f3n Nacional (@miseleccionmx) <a href=\"https:\/\/twitter.com\/miseleccionmx\/status\/747891423375024128\">28 de junio de 2016<\/a><\/p><\/blockquote>\n<p><script src=\"\/\/platform.twitter.com\/widgets.js\" async=\"\" charset=\"utf-8\"><\/script><\/p>\n<p>\u201cJordan est\u00e1 en lo correcto: este equipo est\u00e1 preparado para competir sin refuerzos, pero hay que tomar en cuenta que Brasil llevar\u00e1 a Neymar y si nosotros no llevamos a gente mayor que nos apoye, estar\u00edamos dando mucha ventaja\u201d, mencion\u00f3 el <em>Potro<\/em>.<\/p>\n","protected":false},"excerpt":{"rendered":"<p>El Potro Guti\u00e9rrez habl\u00f3 sobe la calidad del atacante mexicano <\/p>\n","protected":false},"author":127,"featured_media":407117,"comment_status":"closed","ping_status":"closed","sticky":false,"template":"","format":"standard","meta":[],"categories":[5,2198,7186,7182,3847],"tags":[65,5979,2377],"_links":{"self":[{"href":"http:\/\/desarrollo.grupomedios.com\/futbol\/wp-json\/wp\/v2\/posts\/407023"}],"collection":[{"href":"http:\/\/desarrollo.grupomedios.com\/futbol\/wp-json\/wp\/v2\/posts"}],"about":[{"href":"http:\/\/desarrollo.grupomedios.com\/futbol\/wp-json\/wp\/v2\/types\/post"}],"author":[{"embeddable":true,"href":"http:\/\/desarrollo.grupomedios.com\/futbol\/wp-json\/wp\/v2\/users\/127"}],"replies":[{"embeddable":true,"href":"http:\/\/desarrollo.grupomedios.com\/futbol\/wp-json\/wp\/v2\/comments?post=407023"}],"version-history":[{"count":0,"href":"http:\/\/desarrollo.grupomedios.com\/futbol\/wp-json\/wp\/v2\/posts\/407023\/revisions"}],"wp:featuredmedia":[{"embeddable":true,"href":"http:\/\/desarrollo.grupomedios.com\/futbol\/wp-json\/wp\/v2\/media\/407117"}],"wp:attachment":[{"href":"http:\/\/desarrollo.grupomedios.com\/futbol\/wp-json\/wp\/v2\/media?parent=407023"}],"wp:term":[{"taxonomy":"category","embeddable":true,"href":"http:\/\/desarrollo.grupomedios.com\/futbol\/wp-json\/wp\/v2\/categories?post=407023"},{"taxonomy":"post_tag","embeddable":true,"href":"http:\/\/desarrollo.grupomedios.com\/futbol\/wp-json\/wp\/v2\/tags?post=407023"}],"curies":[{"name":"wp","href":"https:\/\/api.w.org\/{rel}","templated":true}]}}