{"id":407060,"date":"2016-06-28T17:28:02","date_gmt":"2016-06-28T22:28:02","guid":{"rendered":"http:\/\/www.futboltotal.com.mx\/?p=407060"},"modified":"2016-06-28T17:28:02","modified_gmt":"2016-06-28T22:28:02","slug":"amor-a-la-camiseta-le-importa-a-los-directivos","status":"publish","type":"post","link":"http:\/\/desarrollo.grupomedios.com\/futbol\/futbol-mexicano\/amor-a-la-camiseta-le-importa-a-los-directivos\/2016\/06","title":{"rendered":"Amor a la camiseta, no le importa a los directivos"},"content":{"rendered":"<p>Sin importar la liga o divisi\u00f3n, hay un tipo de jugador que siempre se ganan al p\u00fablico, es aquel que demuestra verdadero amor por la camiseta que defiende, situaci\u00f3n que pocos pueden conseguir y m\u00e1s en la actualidad donde el dinero (en algunos casos) provoca que los directivos no se tienten el coraz\u00f3n y cedan los derechos deportivos del futbolista, situaci\u00f3n que se vivi\u00f3 \u00faltimamente en la <a href=\"http:\/\/www.futboltotal.com.mx\/futbol-mexicano\/\" target=\"_blank\"><strong>Liga MX<\/strong><\/a>.<\/p>\n<p><img decoding=\"async\" class=\"alwaysThinglink\" style=\"max-width: 100%;\" src=\"\/\/cdn.thinglink.me\/api\/image\/804476232564473856\/1024\/10\/scaletowidth#tl-804476232564473856;1043138249'\" \/><script src=\"\/\/cdn.thinglink.me\/jse\/embed.js\" async=\"\" charset=\"utf-8\"><\/script><\/p>\n","protected":false},"excerpt":{"rendered":"<p>Algunos jugadores pidieron su continuidad pero eso no sirvi\u00f3 <\/p>\n","protected":false},"author":20,"featured_media":407063,"comment_status":"closed","ping_status":"closed","sticky":false,"template":"","format":"standard","meta":[],"categories":[2198,3845,5950],"tags":[64],"_links":{"self":[{"href":"http:\/\/desarrollo.grupomedios.com\/futbol\/wp-json\/wp\/v2\/posts\/407060"}],"collection":[{"href":"http:\/\/desarrollo.grupomedios.com\/futbol\/wp-json\/wp\/v2\/posts"}],"about":[{"href":"http:\/\/desarrollo.grupomedios.com\/futbol\/wp-json\/wp\/v2\/types\/post"}],"author":[{"embeddable":true,"href":"http:\/\/desarrollo.grupomedios.com\/futbol\/wp-json\/wp\/v2\/users\/20"}],"replies":[{"embeddable":true,"href":"http:\/\/desarrollo.grupomedios.com\/futbol\/wp-json\/wp\/v2\/comments?post=407060"}],"version-history":[{"count":0,"href":"http:\/\/desarrollo.grupomedios.com\/futbol\/wp-json\/wp\/v2\/posts\/407060\/revisions"}],"wp:featuredmedia":[{"embeddable":true,"href":"http:\/\/desarrollo.grupomedios.com\/futbol\/wp-json\/wp\/v2\/media\/407063"}],"wp:attachment":[{"href":"http:\/\/desarrollo.grupomedios.com\/futbol\/wp-json\/wp\/v2\/media?parent=407060"}],"wp:term":[{"taxonomy":"category","embeddable":true,"href":"http:\/\/desarrollo.grupomedios.com\/futbol\/wp-json\/wp\/v2\/categories?post=407060"},{"taxonomy":"post_tag","embeddable":true,"href":"http:\/\/desarrollo.grupomedios.com\/futbol\/wp-json\/wp\/v2\/tags?post=407060"}],"curies":[{"name":"wp","href":"https:\/\/api.w.org\/{rel}","templated":true}]}}