{"id":407077,"date":"2016-06-28T18:48:59","date_gmt":"2016-06-28T23:48:59","guid":{"rendered":"http:\/\/www.futboltotal.com.mx\/?p=407077"},"modified":"2016-06-28T19:39:48","modified_gmt":"2016-06-29T00:39:48","slug":"la-conversacion-del-retiro-messi","status":"publish","type":"post","link":"http:\/\/desarrollo.grupomedios.com\/futbol\/futbol-internacional\/la-conversacion-del-retiro-messi\/2016\/06","title":{"rendered":"La conversaci\u00f3n del retiro de Messi"},"content":{"rendered":"<p>Despu\u00e9s de perder la <a href=\"http:\/\/www.futboltotal.com.mx\/copa-america-2016\/\" target=\"_blank\"><strong>Copa Am\u00e9rica<\/strong><\/a> frente a Chile,<strong> Lionel Messi<\/strong> decidi\u00f3 que su traves\u00eda con la selecci\u00f3n de <strong>Argentina<\/strong> lleg\u00f3 a su fin, noticia que incluso opac\u00f3 el bicampeonato de la <em>Roja<\/em>, ya que algunos considerar que es correcta la decisi\u00f3n de la <em>Pulga<\/em>, aunque otros creen que se equivoc\u00f3,<\/p>\n<p>M\u00e1s all\u00e1 de lo que digan ante los micr\u00f3fonos, \u00bfc\u00f3mo opinar\u00edan los <em>cracks<\/em> lejos de la prensa?<\/p>\n<p><script src=\"\/\/cdn.playbuzz.com\/widget\/feed.js\" type=\"text\/javascript\"><\/script><\/p>\n<div class=\"pb_feed\" data-embed-by=\"d43f3879-83ed-40bc-99d7-fde80605466f\" data-game=\"\/futboltotal\/la-conversaci-n-del-retiro-de-messi\" data-recommend=\"false\" data-game-info=\"false\" data-comments=\"false\"><\/div>\n","protected":false},"excerpt":{"rendered":"<p>Todos hablan de la salida de la Pulga <\/p>\n","protected":false},"author":20,"featured_media":407078,"comment_status":"closed","ping_status":"closed","sticky":false,"template":"","format":"standard","meta":[],"categories":[5419,6950,3839,6953,5951],"tags":[2130,248],"_links":{"self":[{"href":"http:\/\/desarrollo.grupomedios.com\/futbol\/wp-json\/wp\/v2\/posts\/407077"}],"collection":[{"href":"http:\/\/desarrollo.grupomedios.com\/futbol\/wp-json\/wp\/v2\/posts"}],"about":[{"href":"http:\/\/desarrollo.grupomedios.com\/futbol\/wp-json\/wp\/v2\/types\/post"}],"author":[{"embeddable":true,"href":"http:\/\/desarrollo.grupomedios.com\/futbol\/wp-json\/wp\/v2\/users\/20"}],"replies":[{"embeddable":true,"href":"http:\/\/desarrollo.grupomedios.com\/futbol\/wp-json\/wp\/v2\/comments?post=407077"}],"version-history":[{"count":0,"href":"http:\/\/desarrollo.grupomedios.com\/futbol\/wp-json\/wp\/v2\/posts\/407077\/revisions"}],"wp:featuredmedia":[{"embeddable":true,"href":"http:\/\/desarrollo.grupomedios.com\/futbol\/wp-json\/wp\/v2\/media\/407078"}],"wp:attachment":[{"href":"http:\/\/desarrollo.grupomedios.com\/futbol\/wp-json\/wp\/v2\/media?parent=407077"}],"wp:term":[{"taxonomy":"category","embeddable":true,"href":"http:\/\/desarrollo.grupomedios.com\/futbol\/wp-json\/wp\/v2\/categories?post=407077"},{"taxonomy":"post_tag","embeddable":true,"href":"http:\/\/desarrollo.grupomedios.com\/futbol\/wp-json\/wp\/v2\/tags?post=407077"}],"curies":[{"name":"wp","href":"https:\/\/api.w.org\/{rel}","templated":true}]}}