{"id":407095,"date":"2016-06-28T19:46:57","date_gmt":"2016-06-29T00:46:57","guid":{"rendered":"http:\/\/www.futboltotal.com.mx\/?p=407095"},"modified":"2016-06-28T19:46:57","modified_gmt":"2016-06-29T00:46:57","slug":"refuerzo-del-morelia-traeria-problema-legal","status":"publish","type":"post","link":"http:\/\/desarrollo.grupomedios.com\/futbol\/futbol-mexicano\/refuerzo-del-morelia-traeria-problema-legal\/2016\/06","title":{"rendered":"Refuerzo del Morelia traer\u00eda problema legal"},"content":{"rendered":"<p>El <strong>Universitario de Deportes<\/strong> peruano anunci\u00f3 que recurrir\u00e1 a la FIFA si su delantero <strong>Ra\u00fal Ruid\u00edaz<\/strong> ficha por el <a href=\"http:\/\/futboltotal.com.mx\/equipos\/morelia\/\" target=\"_blank\"><strong>Morelia<\/strong><\/a>\u00a0sin haber alcanzado un acuerdo con el club lime\u00f1o, donde tiene contrato hasta el a\u00f1o 2019.<\/p>\n<p>El administrador de la U, Ra\u00fal Legu\u00eda, dijo a la radio peruana <em>Ovaci\u00f3n<\/em> que los directivos ya trasladaron a los representantes de <em>Monarcas<\/em> su rechazo a la oferta por el jugador.<\/p>\n<blockquote class=\"twitter-tweet\" data-lang=\"es\">\n<p dir=\"ltr\" lang=\"es\"><a href=\"https:\/\/twitter.com\/hashtag\/RefuerzoMonarca?src=hash\">#RefuerzoMonarca<\/a> <a href=\"https:\/\/twitter.com\/sebavegas6\">@sebavegas6<\/a> estamp\u00f3 su firma y est\u00e1 dispuesto a darlo todo <a href=\"https:\/\/twitter.com\/hashtag\/HastaElUltimoAliento?src=hash\">#HastaElUltimoAliento<\/a> \u00a1Bienvenido! <a href=\"https:\/\/t.co\/Ja4Z7GPQ3r\">pic.twitter.com\/Ja4Z7GPQ3r<\/a><\/p>\n<p>\u2014 Monarcas Morelia (@FuerzaMonarca) <a href=\"https:\/\/twitter.com\/FuerzaMonarca\/status\/747939427410862081\">28 de junio de 2016<\/a><\/p><\/blockquote>\n<p><script src=\"\/\/platform.twitter.com\/widgets.js\" async=\"\" charset=\"utf-8\"><\/script><\/p>\n<p>El administrador record\u00f3 que el club <em>crema<\/em> ya gan\u00f3 en los tribunales deportivos un litigio similar que mantuvo con el delantero Andy Polo cuando fich\u00f3 por el G\u00e9nova italiano.<\/p>\n<p>Legu\u00eda culp\u00f3 al representante de <strong>Ra\u00fal<\/strong> <strong>Ruid\u00edaz<\/strong>, David Pez\u00faa, de no permitir que ambos clubes pudieran negociar el traspaso del jugador porque prefiri\u00f3 atenerse a una cl\u00e1usula del contrato que aparentemente lo libera de Universitario si recibe una oferta de al menos 105 mil d\u00f3lares.<\/p>\n<p>&#8220;Vinieron con la proposici\u00f3n de Pez\u00faa y eso malogr\u00f3 toda la negociaci\u00f3n que se pudo haber hecho. Yo habl\u00e9 con Ruid\u00edaz y le dije que nos estaban perjudicando. Ojal\u00e1 que Ra\u00fal recapacite porque est\u00e1 siendo mal llevado&#8221;, dijo Legu\u00eda.<\/p>\n<blockquote class=\"twitter-tweet\" data-lang=\"es\"><p>\nRodolfo Vilchis se ha mostrado muy activo en los duelos de preparaci\u00f3n y habl\u00f3 al respecto. <a href=\"https:\/\/twitter.com\/hashtag\/HastaElUltimoAliento?src=hash\">#HastaElUltimoAliento<\/a> <a href=\"https:\/\/t.co\/9Ia5JOeQLC\">pic.twitter.com\/9Ia5JOeQLC<\/a><\/p>\n<p>\u2014 Monarcas Morelia (@FuerzaMonarca) <a href=\"https:\/\/twitter.com\/FuerzaMonarca\/status\/747882297068642304\">28 de junio de 2016<\/a>\n<\/p><\/blockquote>\n<p><script src=\"\/\/platform.twitter.com\/widgets.js\" async=\"\" charset=\"utf-8\"><\/script><\/p>\n<p>Pez\u00faa afirm\u00f3 a radio <em>Ovaci\u00f3n<\/em> que <strong>Morelia<\/strong>\u00a0realiz\u00f3 este fin de semana dos ofertas por <strong>Ra\u00fal Ruid\u00edaz<\/strong> que fueron rechazadas por Universitario y que, consecuentemente, opt\u00f3 por ejercer la cl\u00e1usula que libera al jugador.<\/p>\n<p>Universitario hab\u00eda comprado en mayo al Melgar de Arequipa el 80 por ciento de los derechos federativos de Ruid\u00edaz por un valor de 100 mil euros que iba a pagar en cinco plazos.<\/p>\n<p><span style=\"color: #ff0000;\"><strong>VIDEO<\/strong>: 10 momentos de Copa Am\u00e9rica<\/span><\/p>\n<p>[video_player]https:\/\/player.vimeo.com\/external\/172478131.hd.mp4?s=c93dee818f4df58beff1d2da4a837d3c9fa3b03f&amp;profile_id=174[\/video_player]<\/p>\n","protected":false},"excerpt":{"rendered":"<p>Ra\u00fal Ruid\u00edaz recibir\u00eda demanda de su ex equipo<\/p>\n","protected":false},"author":144,"featured_media":407102,"comment_status":"closed","ping_status":"closed","sticky":false,"template":"","format":"standard","meta":[],"categories":[2198,3845],"tags":[5967],"_links":{"self":[{"href":"http:\/\/desarrollo.grupomedios.com\/futbol\/wp-json\/wp\/v2\/posts\/407095"}],"collection":[{"href":"http:\/\/desarrollo.grupomedios.com\/futbol\/wp-json\/wp\/v2\/posts"}],"about":[{"href":"http:\/\/desarrollo.grupomedios.com\/futbol\/wp-json\/wp\/v2\/types\/post"}],"author":[{"embeddable":true,"href":"http:\/\/desarrollo.grupomedios.com\/futbol\/wp-json\/wp\/v2\/users\/144"}],"replies":[{"embeddable":true,"href":"http:\/\/desarrollo.grupomedios.com\/futbol\/wp-json\/wp\/v2\/comments?post=407095"}],"version-history":[{"count":0,"href":"http:\/\/desarrollo.grupomedios.com\/futbol\/wp-json\/wp\/v2\/posts\/407095\/revisions"}],"wp:featuredmedia":[{"embeddable":true,"href":"http:\/\/desarrollo.grupomedios.com\/futbol\/wp-json\/wp\/v2\/media\/407102"}],"wp:attachment":[{"href":"http:\/\/desarrollo.grupomedios.com\/futbol\/wp-json\/wp\/v2\/media?parent=407095"}],"wp:term":[{"taxonomy":"category","embeddable":true,"href":"http:\/\/desarrollo.grupomedios.com\/futbol\/wp-json\/wp\/v2\/categories?post=407095"},{"taxonomy":"post_tag","embeddable":true,"href":"http:\/\/desarrollo.grupomedios.com\/futbol\/wp-json\/wp\/v2\/tags?post=407095"}],"curies":[{"name":"wp","href":"https:\/\/api.w.org\/{rel}","templated":true}]}}