{"id":407097,"date":"2016-06-29T10:55:12","date_gmt":"2016-06-29T15:55:12","guid":{"rendered":"http:\/\/www.futboltotal.com.mx\/?p=407097"},"modified":"2016-06-29T10:57:36","modified_gmt":"2016-06-29T15:57:36","slug":"talavera-sera-portero-del-tri-en-juegos-olimpicos","status":"publish","type":"post","link":"http:\/\/desarrollo.grupomedios.com\/futbol\/destacado-home\/talavera-sera-portero-del-tri-en-juegos-olimpicos\/2016\/06","title":{"rendered":"Talavera, primer refuerzo Ol\u00edmpico"},"content":{"rendered":"<p>El nuevo Director T\u00e9cnico de Toluca, Hern\u00e1n Cristante, confirm\u00f3 la presencia del portero <strong>Alfredo Talavera<\/strong> como refuerzo de la Selecci\u00f3n Mexicana Sub 23 en los <strong>Juegos Ol\u00edmpicos de R\u00edo 2016<\/strong>.<\/p>\n<p>El timonel argentino se\u00f1al\u00f3 que<strong> Talavera<\/strong>\u00a0reportar\u00e1 a entrenar en las pr\u00f3ximas semanas con el <em>Tri<\/em> Ol\u00edmpico:\u00a0&#8220;S\u00ed, s\u00ed va a estar. \u00c9l estar\u00e1 dos semanas trabajando con Ra\u00fal Guti\u00e9rrez, ya despu\u00e9s se decidir\u00e1 si el t\u00e9cnico lo quiere llevar&#8221;, coment\u00f3 Cristante.<\/p>\n<p style=\"text-align: center;\"><span style=\"color: #3366ff;\"><strong><a style=\"color: #3366ff;\" href=\"http:\/\/www.futboltotal.com.mx\/futbol-mexicano\/seleccion-mexicana\/\">LEER M\u00c1S: Todas las noticias de Selecci\u00f3n Mexicana<\/a><\/strong><\/span><\/p>\n<p>Adem\u00e1s, el ex portero de los <em>Diablos Rojos<\/em> confes\u00f3 que no tienen ning\u00fan problema por que vaya al torneo, pues considera que esas oportunidades no se presentan dos veces.<\/p>\n<p>&#8220;Yo habl\u00e9 con <strong>Talavera<\/strong> y tiene mi permiso y el del club.Es una oportunidad que no puede desaprovechar porque no creo que le alcance para otra&#8221;, explic\u00f3 en\u00a0una entrevista para el programa de radio <em>Espacio Deportivo.<\/em><\/p>\n<p>El d\u00eda de ma\u00f1ana la Selecci\u00f3n Mexicana Sub-23 se enfrentar\u00e1 a Toluca en las instalaciones de Metepec, donde jugar\u00e1n su \u00faltimo partido contra equipos de la Liga MX despu\u00e9s de sus triunfos ante Am\u00e9rica y Pumas.<\/p>\n","protected":false},"excerpt":{"rendered":"<p>El arquero de los Diablos se presentar\u00e1 a entrenar en dos semanas<\/p>\n","protected":false},"author":129,"featured_media":407112,"comment_status":"closed","ping_status":"closed","sticky":false,"template":"","format":"standard","meta":[],"categories":[5,2198,3847],"tags":[1617,2982],"_links":{"self":[{"href":"http:\/\/desarrollo.grupomedios.com\/futbol\/wp-json\/wp\/v2\/posts\/407097"}],"collection":[{"href":"http:\/\/desarrollo.grupomedios.com\/futbol\/wp-json\/wp\/v2\/posts"}],"about":[{"href":"http:\/\/desarrollo.grupomedios.com\/futbol\/wp-json\/wp\/v2\/types\/post"}],"author":[{"embeddable":true,"href":"http:\/\/desarrollo.grupomedios.com\/futbol\/wp-json\/wp\/v2\/users\/129"}],"replies":[{"embeddable":true,"href":"http:\/\/desarrollo.grupomedios.com\/futbol\/wp-json\/wp\/v2\/comments?post=407097"}],"version-history":[{"count":0,"href":"http:\/\/desarrollo.grupomedios.com\/futbol\/wp-json\/wp\/v2\/posts\/407097\/revisions"}],"wp:featuredmedia":[{"embeddable":true,"href":"http:\/\/desarrollo.grupomedios.com\/futbol\/wp-json\/wp\/v2\/media\/407112"}],"wp:attachment":[{"href":"http:\/\/desarrollo.grupomedios.com\/futbol\/wp-json\/wp\/v2\/media?parent=407097"}],"wp:term":[{"taxonomy":"category","embeddable":true,"href":"http:\/\/desarrollo.grupomedios.com\/futbol\/wp-json\/wp\/v2\/categories?post=407097"},{"taxonomy":"post_tag","embeddable":true,"href":"http:\/\/desarrollo.grupomedios.com\/futbol\/wp-json\/wp\/v2\/tags?post=407097"}],"curies":[{"name":"wp","href":"https:\/\/api.w.org\/{rel}","templated":true}]}}